{"id":10968,"date":"2024-07-07T20:00:49","date_gmt":"2024-07-07T18:00:49","guid":{"rendered":"https:\/\/ff-muehldorf.at\/wordpress\/?p=10968"},"modified":"2024-07-09T21:43:36","modified_gmt":"2024-07-09T19:43:36","slug":"brandsicherheitswache-beim-2-feldkirchner-feldslalom","status":"publish","type":"post","link":"https:\/\/ff-muehldorf.at\/wordpress\/2024\/07\/07\/brandsicherheitswache-beim-2-feldkirchner-feldslalom\/","title":{"rendered":"Brandsicherheitswache beim 2. Feldkirchner Feldslalom"},"content":{"rendered":"<p>Am Sonntag den 07. Juli 2024 veranstaltet der Motorsportverein MS-Strich den 2. Feldkirchner Feldslalom beim Gefl\u00fcgelhof Schwareiter in Freudenstein. Trotz widrigster Wetterbedingungen mit viel Regen und Schlamm, wurde diese Motorsportveranstaltung mit ca. 100 Startern und ca. 400 Zuschauern durchgef\u00fchrt. Wie bereits im letzten Jahr, unterst\u00fctzten wir als Feuerwehr M\u00fchldorf diese Veranstaltung wieder mit einem Einsatzfahrzeug inkl. Mannschaft welche direkt an der Strecke die f\u00fcr die Sicherheitswache im Bereich Brandschutz und technische Hilfe zust\u00e4ndig war. Bei der Siegerehrung wurden in den 25 Klassen, Pokale an die Sieger der jeweiligen Disziplinen, Nachwuchsfahrer, Kinder und Jugendliche \u00fcbergeben. Zum Gl\u00fcck blieb diese Veranstaltung auch heuer wieder unfallfrei.<\/p>\n<p>&nbsp;<\/p>\n<p><a href=\"https:\/\/www.xn--schwareiters-geflgelhof-spc.at\/\" target=\"_blank\" rel=\"noopener\">Gefl\u00fcgelhof Schwareiter<\/a><\/p>\n<p><a href=\"https:\/\/www.was-tuat-si.at\/2024\/07\/es-fliegt-es-fliegtder-dreck\/\" target=\"_blank\" rel=\"noopener\">Medienbericht und Fotos &#8222;was-tuat-si&#8220;<\/a><\/p>\n<p><a href=\"https:\/\/www.ms-strich.at\/rennen-2024\/\">Motorsportverein MS-Strich<\/a><\/p>\n<p>&nbsp;<\/p>\n<p><strong>Fotos:<\/strong><\/p>\n<div id=\"kad-wp-gallery408\" class=\"kad-wp-gallery gallery kt-gallery-column-6 init-isotope-intrinsic reinit-isotope kad-light-wp-gallery clearfix rowtight\" data-fade-in=\"1\" data-iso-selector=\".g_item\" data-iso-style=\"masonry\" data-iso-filter=\"false\"><div class=\"tcol-lg-2 tcol-md-2 tcol-sm-3 tcol-xs-4 tcol-ss-6 g_item\"><div class=\"grid_item kt_item_fade_in kad_gallery_fade_in gallery_item\"><a href=\"https:\/\/ff-muehldorf.at\/wordpress\/wp-content\/uploads\/2024\/07\/07\/2024-07-07_brandsicherheitswache-beim-2-feldkirchner-feldslalom.jpg\" data-rel=\"lightbox\" class=\"lightboxhover\"><div class=\"kt-intrinsic\" style=\"padding-bottom:66.666666666667%;\"><div itemprop=\"image\" itemscope itemtype=\"https:\/\/schema.org\/ImageObject\"><img loading=\"lazy\" decoding=\"async\" width=\"240\" height=\"160\" src=\"https:\/\/ff-muehldorf.at\/wordpress\/wp-content\/uploads\/2024\/07\/07\/2024-07-07_brandsicherheitswache-beim-2-feldkirchner-feldslalom-240x160.jpg\" srcset=\"https:\/\/ff-muehldorf.at\/wordpress\/wp-content\/uploads\/2024\/07\/07\/2024-07-07_brandsicherheitswache-beim-2-feldkirchner-feldslalom-240x160.jpg 240w, https:\/\/ff-muehldorf.at\/wordpress\/wp-content\/uploads\/2024\/07\/07\/2024-07-07_brandsicherheitswache-beim-2-feldkirchner-feldslalom-300x200.jpg 300w, https:\/\/ff-muehldorf.at\/wordpress\/wp-content\/uploads\/2024\/07\/07\/2024-07-07_brandsicherheitswache-beim-2-feldkirchner-feldslalom-1024x683.jpg 1024w, https:\/\/ff-muehldorf.at\/wordpress\/wp-content\/uploads\/2024\/07\/07\/2024-07-07_brandsicherheitswache-beim-2-feldkirchner-feldslalom-768x512.jpg 768w, https:\/\/ff-muehldorf.at\/wordpress\/wp-content\/uploads\/2024\/07\/07\/2024-07-07_brandsicherheitswache-beim-2-feldkirchner-feldslalom-600x400.jpg 600w, https:\/\/ff-muehldorf.at\/wordpress\/wp-content\/uploads\/2024\/07\/07\/2024-07-07_brandsicherheitswache-beim-2-feldkirchner-feldslalom-480x320.jpg 480w, https:\/\/ff-muehldorf.at\/wordpress\/wp-content\/uploads\/2024\/07\/07\/2024-07-07_brandsicherheitswache-beim-2-feldkirchner-feldslalom.jpg 1200w\" sizes=\"auto, (max-width: 240px) 100vw, 240px\" data-caption=\"\" class=\"light-dropshaddow\" itemprop=\"contentUrl\" alt=\"\"><meta itemprop=\"url\" content=\"https:\/\/ff-muehldorf.at\/wordpress\/wp-content\/uploads\/2024\/07\/07\/2024-07-07_brandsicherheitswache-beim-2-feldkirchner-feldslalom-240x160.jpg\"><meta itemprop=\"width\" content=\"240px\"><meta itemprop=\"height\" content=\"160px\"><\/div><\/div><\/a><\/div><\/div><div class=\"tcol-lg-2 tcol-md-2 tcol-sm-3 tcol-xs-4 tcol-ss-6 g_item\"><div class=\"grid_item kt_item_fade_in kad_gallery_fade_in gallery_item\"><a href=\"https:\/\/ff-muehldorf.at\/wordpress\/wp-content\/uploads\/2024\/07\/07\/2024-07-07_brandsicherheitswache-beim-2-feldkirchner-feldslalom-10.jpg\" data-rel=\"lightbox\" class=\"lightboxhover\"><div class=\"kt-intrinsic\" style=\"padding-bottom:66.666666666667%;\"><div itemprop=\"image\" itemscope itemtype=\"https:\/\/schema.org\/ImageObject\"><img loading=\"lazy\" decoding=\"async\" width=\"240\" height=\"160\" src=\"https:\/\/ff-muehldorf.at\/wordpress\/wp-content\/uploads\/2024\/07\/07\/2024-07-07_brandsicherheitswache-beim-2-feldkirchner-feldslalom-10-240x160.jpg\" srcset=\"https:\/\/ff-muehldorf.at\/wordpress\/wp-content\/uploads\/2024\/07\/07\/2024-07-07_brandsicherheitswache-beim-2-feldkirchner-feldslalom-10-240x160.jpg 240w, https:\/\/ff-muehldorf.at\/wordpress\/wp-content\/uploads\/2024\/07\/07\/2024-07-07_brandsicherheitswache-beim-2-feldkirchner-feldslalom-10-300x200.jpg 300w, https:\/\/ff-muehldorf.at\/wordpress\/wp-content\/uploads\/2024\/07\/07\/2024-07-07_brandsicherheitswache-beim-2-feldkirchner-feldslalom-10-1024x683.jpg 1024w, https:\/\/ff-muehldorf.at\/wordpress\/wp-content\/uploads\/2024\/07\/07\/2024-07-07_brandsicherheitswache-beim-2-feldkirchner-feldslalom-10-768x512.jpg 768w, https:\/\/ff-muehldorf.at\/wordpress\/wp-content\/uploads\/2024\/07\/07\/2024-07-07_brandsicherheitswache-beim-2-feldkirchner-feldslalom-10-600x400.jpg 600w, https:\/\/ff-muehldorf.at\/wordpress\/wp-content\/uploads\/2024\/07\/07\/2024-07-07_brandsicherheitswache-beim-2-feldkirchner-feldslalom-10-480x320.jpg 480w, https:\/\/ff-muehldorf.at\/wordpress\/wp-content\/uploads\/2024\/07\/07\/2024-07-07_brandsicherheitswache-beim-2-feldkirchner-feldslalom-10.jpg 1200w\" sizes=\"auto, (max-width: 240px) 100vw, 240px\" data-caption=\"\" class=\"light-dropshaddow\" itemprop=\"contentUrl\" alt=\"\"><meta itemprop=\"url\" content=\"https:\/\/ff-muehldorf.at\/wordpress\/wp-content\/uploads\/2024\/07\/07\/2024-07-07_brandsicherheitswache-beim-2-feldkirchner-feldslalom-10-240x160.jpg\"><meta itemprop=\"width\" content=\"240px\"><meta itemprop=\"height\" content=\"160px\"><\/div><\/div><\/a><\/div><\/div><div class=\"tcol-lg-2 tcol-md-2 tcol-sm-3 tcol-xs-4 tcol-ss-6 g_item\"><div class=\"grid_item kt_item_fade_in kad_gallery_fade_in gallery_item\"><a href=\"https:\/\/ff-muehldorf.at\/wordpress\/wp-content\/uploads\/2024\/07\/07\/2024-07-07_brandsicherheitswache-beim-2-feldkirchner-feldslalom-9.jpg\" data-rel=\"lightbox\" class=\"lightboxhover\"><div class=\"kt-intrinsic\" style=\"padding-bottom:66.666666666667%;\"><div itemprop=\"image\" itemscope itemtype=\"https:\/\/schema.org\/ImageObject\"><img loading=\"lazy\" decoding=\"async\" width=\"240\" height=\"160\" src=\"https:\/\/ff-muehldorf.at\/wordpress\/wp-content\/uploads\/2024\/07\/07\/2024-07-07_brandsicherheitswache-beim-2-feldkirchner-feldslalom-9-240x160.jpg\" srcset=\"https:\/\/ff-muehldorf.at\/wordpress\/wp-content\/uploads\/2024\/07\/07\/2024-07-07_brandsicherheitswache-beim-2-feldkirchner-feldslalom-9-240x160.jpg 240w, https:\/\/ff-muehldorf.at\/wordpress\/wp-content\/uploads\/2024\/07\/07\/2024-07-07_brandsicherheitswache-beim-2-feldkirchner-feldslalom-9-300x200.jpg 300w, https:\/\/ff-muehldorf.at\/wordpress\/wp-content\/uploads\/2024\/07\/07\/2024-07-07_brandsicherheitswache-beim-2-feldkirchner-feldslalom-9-1024x683.jpg 1024w, https:\/\/ff-muehldorf.at\/wordpress\/wp-content\/uploads\/2024\/07\/07\/2024-07-07_brandsicherheitswache-beim-2-feldkirchner-feldslalom-9-768x512.jpg 768w, https:\/\/ff-muehldorf.at\/wordpress\/wp-content\/uploads\/2024\/07\/07\/2024-07-07_brandsicherheitswache-beim-2-feldkirchner-feldslalom-9-600x400.jpg 600w, https:\/\/ff-muehldorf.at\/wordpress\/wp-content\/uploads\/2024\/07\/07\/2024-07-07_brandsicherheitswache-beim-2-feldkirchner-feldslalom-9-480x320.jpg 480w, https:\/\/ff-muehldorf.at\/wordpress\/wp-content\/uploads\/2024\/07\/07\/2024-07-07_brandsicherheitswache-beim-2-feldkirchner-feldslalom-9.jpg 1200w\" sizes=\"auto, (max-width: 240px) 100vw, 240px\" data-caption=\"\" class=\"light-dropshaddow\" itemprop=\"contentUrl\" alt=\"\"><meta itemprop=\"url\" content=\"https:\/\/ff-muehldorf.at\/wordpress\/wp-content\/uploads\/2024\/07\/07\/2024-07-07_brandsicherheitswache-beim-2-feldkirchner-feldslalom-9-240x160.jpg\"><meta itemprop=\"width\" content=\"240px\"><meta itemprop=\"height\" content=\"160px\"><\/div><\/div><\/a><\/div><\/div><div class=\"tcol-lg-2 tcol-md-2 tcol-sm-3 tcol-xs-4 tcol-ss-6 g_item\"><div class=\"grid_item kt_item_fade_in kad_gallery_fade_in gallery_item\"><a href=\"https:\/\/ff-muehldorf.at\/wordpress\/wp-content\/uploads\/2024\/07\/07\/2024-07-07_brandsicherheitswache-beim-2-feldkirchner-feldslalom-12.jpg\" data-rel=\"lightbox\" class=\"lightboxhover\"><div class=\"kt-intrinsic\" style=\"padding-bottom:66.666666666667%;\"><div itemprop=\"image\" itemscope itemtype=\"https:\/\/schema.org\/ImageObject\"><img loading=\"lazy\" decoding=\"async\" width=\"240\" height=\"160\" src=\"https:\/\/ff-muehldorf.at\/wordpress\/wp-content\/uploads\/2024\/07\/07\/2024-07-07_brandsicherheitswache-beim-2-feldkirchner-feldslalom-12-240x160.jpg\" srcset=\"https:\/\/ff-muehldorf.at\/wordpress\/wp-content\/uploads\/2024\/07\/07\/2024-07-07_brandsicherheitswache-beim-2-feldkirchner-feldslalom-12-240x160.jpg 240w, https:\/\/ff-muehldorf.at\/wordpress\/wp-content\/uploads\/2024\/07\/07\/2024-07-07_brandsicherheitswache-beim-2-feldkirchner-feldslalom-12-300x200.jpg 300w, https:\/\/ff-muehldorf.at\/wordpress\/wp-content\/uploads\/2024\/07\/07\/2024-07-07_brandsicherheitswache-beim-2-feldkirchner-feldslalom-12-1024x683.jpg 1024w, https:\/\/ff-muehldorf.at\/wordpress\/wp-content\/uploads\/2024\/07\/07\/2024-07-07_brandsicherheitswache-beim-2-feldkirchner-feldslalom-12-768x512.jpg 768w, https:\/\/ff-muehldorf.at\/wordpress\/wp-content\/uploads\/2024\/07\/07\/2024-07-07_brandsicherheitswache-beim-2-feldkirchner-feldslalom-12-600x400.jpg 600w, https:\/\/ff-muehldorf.at\/wordpress\/wp-content\/uploads\/2024\/07\/07\/2024-07-07_brandsicherheitswache-beim-2-feldkirchner-feldslalom-12-480x320.jpg 480w, https:\/\/ff-muehldorf.at\/wordpress\/wp-content\/uploads\/2024\/07\/07\/2024-07-07_brandsicherheitswache-beim-2-feldkirchner-feldslalom-12.jpg 1200w\" sizes=\"auto, (max-width: 240px) 100vw, 240px\" data-caption=\"\" class=\"light-dropshaddow\" itemprop=\"contentUrl\" alt=\"\"><meta itemprop=\"url\" content=\"https:\/\/ff-muehldorf.at\/wordpress\/wp-content\/uploads\/2024\/07\/07\/2024-07-07_brandsicherheitswache-beim-2-feldkirchner-feldslalom-12-240x160.jpg\"><meta itemprop=\"width\" content=\"240px\"><meta itemprop=\"height\" content=\"160px\"><\/div><\/div><\/a><\/div><\/div><div class=\"tcol-lg-2 tcol-md-2 tcol-sm-3 tcol-xs-4 tcol-ss-6 g_item\"><div class=\"grid_item kt_item_fade_in kad_gallery_fade_in gallery_item\"><a href=\"https:\/\/ff-muehldorf.at\/wordpress\/wp-content\/uploads\/2024\/07\/07\/2024-07-07_brandsicherheitswache-beim-2-feldkirchner-feldslalom-7.jpg\" data-rel=\"lightbox\" class=\"lightboxhover\"><div class=\"kt-intrinsic\" style=\"padding-bottom:66.666666666667%;\"><div itemprop=\"image\" itemscope itemtype=\"https:\/\/schema.org\/ImageObject\"><img loading=\"lazy\" decoding=\"async\" width=\"240\" height=\"160\" src=\"https:\/\/ff-muehldorf.at\/wordpress\/wp-content\/uploads\/2024\/07\/07\/2024-07-07_brandsicherheitswache-beim-2-feldkirchner-feldslalom-7-240x160.jpg\" srcset=\"https:\/\/ff-muehldorf.at\/wordpress\/wp-content\/uploads\/2024\/07\/07\/2024-07-07_brandsicherheitswache-beim-2-feldkirchner-feldslalom-7-240x160.jpg 240w, https:\/\/ff-muehldorf.at\/wordpress\/wp-content\/uploads\/2024\/07\/07\/2024-07-07_brandsicherheitswache-beim-2-feldkirchner-feldslalom-7-300x200.jpg 300w, https:\/\/ff-muehldorf.at\/wordpress\/wp-content\/uploads\/2024\/07\/07\/2024-07-07_brandsicherheitswache-beim-2-feldkirchner-feldslalom-7-1024x683.jpg 1024w, https:\/\/ff-muehldorf.at\/wordpress\/wp-content\/uploads\/2024\/07\/07\/2024-07-07_brandsicherheitswache-beim-2-feldkirchner-feldslalom-7-768x512.jpg 768w, https:\/\/ff-muehldorf.at\/wordpress\/wp-content\/uploads\/2024\/07\/07\/2024-07-07_brandsicherheitswache-beim-2-feldkirchner-feldslalom-7-600x400.jpg 600w, https:\/\/ff-muehldorf.at\/wordpress\/wp-content\/uploads\/2024\/07\/07\/2024-07-07_brandsicherheitswache-beim-2-feldkirchner-feldslalom-7-480x320.jpg 480w, https:\/\/ff-muehldorf.at\/wordpress\/wp-content\/uploads\/2024\/07\/07\/2024-07-07_brandsicherheitswache-beim-2-feldkirchner-feldslalom-7.jpg 1200w\" sizes=\"auto, (max-width: 240px) 100vw, 240px\" data-caption=\"\" class=\"light-dropshaddow\" itemprop=\"contentUrl\" alt=\"\"><meta itemprop=\"url\" content=\"https:\/\/ff-muehldorf.at\/wordpress\/wp-content\/uploads\/2024\/07\/07\/2024-07-07_brandsicherheitswache-beim-2-feldkirchner-feldslalom-7-240x160.jpg\"><meta itemprop=\"width\" content=\"240px\"><meta itemprop=\"height\" content=\"160px\"><\/div><\/div><\/a><\/div><\/div><div class=\"tcol-lg-2 tcol-md-2 tcol-sm-3 tcol-xs-4 tcol-ss-6 g_item\"><div class=\"grid_item kt_item_fade_in kad_gallery_fade_in gallery_item\"><a href=\"https:\/\/ff-muehldorf.at\/wordpress\/wp-content\/uploads\/2024\/07\/07\/2024-07-07_brandsicherheitswache-beim-2-feldkirchner-feldslalom-2.jpg\" data-rel=\"lightbox\" class=\"lightboxhover\"><div class=\"kt-intrinsic\" style=\"padding-bottom:133.33333333333%;\"><div itemprop=\"image\" itemscope itemtype=\"https:\/\/schema.org\/ImageObject\"><img loading=\"lazy\" decoding=\"async\" width=\"240\" height=\"320\" src=\"https:\/\/ff-muehldorf.at\/wordpress\/wp-content\/uploads\/2024\/07\/07\/2024-07-07_brandsicherheitswache-beim-2-feldkirchner-feldslalom-2-240x320.jpg\" srcset=\"https:\/\/ff-muehldorf.at\/wordpress\/wp-content\/uploads\/2024\/07\/07\/2024-07-07_brandsicherheitswache-beim-2-feldkirchner-feldslalom-2-240x320.jpg 240w, https:\/\/ff-muehldorf.at\/wordpress\/wp-content\/uploads\/2024\/07\/07\/2024-07-07_brandsicherheitswache-beim-2-feldkirchner-feldslalom-2-225x300.jpg 225w, https:\/\/ff-muehldorf.at\/wordpress\/wp-content\/uploads\/2024\/07\/07\/2024-07-07_brandsicherheitswache-beim-2-feldkirchner-feldslalom-2-768x1024.jpg 768w, https:\/\/ff-muehldorf.at\/wordpress\/wp-content\/uploads\/2024\/07\/07\/2024-07-07_brandsicherheitswache-beim-2-feldkirchner-feldslalom-2-600x800.jpg 600w, https:\/\/ff-muehldorf.at\/wordpress\/wp-content\/uploads\/2024\/07\/07\/2024-07-07_brandsicherheitswache-beim-2-feldkirchner-feldslalom-2-480x640.jpg 480w, https:\/\/ff-muehldorf.at\/wordpress\/wp-content\/uploads\/2024\/07\/07\/2024-07-07_brandsicherheitswache-beim-2-feldkirchner-feldslalom-2.jpg 900w\" sizes=\"auto, (max-width: 240px) 100vw, 240px\" data-caption=\"\" class=\"light-dropshaddow\" itemprop=\"contentUrl\" alt=\"\"><meta itemprop=\"url\" content=\"https:\/\/ff-muehldorf.at\/wordpress\/wp-content\/uploads\/2024\/07\/07\/2024-07-07_brandsicherheitswache-beim-2-feldkirchner-feldslalom-2-240x320.jpg\"><meta itemprop=\"width\" content=\"240px\"><meta itemprop=\"height\" content=\"320px\"><\/div><\/div><\/a><\/div><\/div><div class=\"tcol-lg-2 tcol-md-2 tcol-sm-3 tcol-xs-4 tcol-ss-6 g_item\"><div class=\"grid_item kt_item_fade_in kad_gallery_fade_in gallery_item\"><a href=\"https:\/\/ff-muehldorf.at\/wordpress\/wp-content\/uploads\/2024\/07\/07\/2024-07-07_brandsicherheitswache-beim-2-feldkirchner-feldslalom-3.jpg\" data-rel=\"lightbox\" class=\"lightboxhover\"><div class=\"kt-intrinsic\" style=\"padding-bottom:133.33333333333%;\"><div itemprop=\"image\" itemscope itemtype=\"https:\/\/schema.org\/ImageObject\"><img loading=\"lazy\" decoding=\"async\" width=\"240\" height=\"320\" src=\"https:\/\/ff-muehldorf.at\/wordpress\/wp-content\/uploads\/2024\/07\/07\/2024-07-07_brandsicherheitswache-beim-2-feldkirchner-feldslalom-3-240x320.jpg\" srcset=\"https:\/\/ff-muehldorf.at\/wordpress\/wp-content\/uploads\/2024\/07\/07\/2024-07-07_brandsicherheitswache-beim-2-feldkirchner-feldslalom-3-240x320.jpg 240w, https:\/\/ff-muehldorf.at\/wordpress\/wp-content\/uploads\/2024\/07\/07\/2024-07-07_brandsicherheitswache-beim-2-feldkirchner-feldslalom-3-225x300.jpg 225w, https:\/\/ff-muehldorf.at\/wordpress\/wp-content\/uploads\/2024\/07\/07\/2024-07-07_brandsicherheitswache-beim-2-feldkirchner-feldslalom-3-768x1024.jpg 768w, https:\/\/ff-muehldorf.at\/wordpress\/wp-content\/uploads\/2024\/07\/07\/2024-07-07_brandsicherheitswache-beim-2-feldkirchner-feldslalom-3-600x800.jpg 600w, https:\/\/ff-muehldorf.at\/wordpress\/wp-content\/uploads\/2024\/07\/07\/2024-07-07_brandsicherheitswache-beim-2-feldkirchner-feldslalom-3-480x640.jpg 480w, https:\/\/ff-muehldorf.at\/wordpress\/wp-content\/uploads\/2024\/07\/07\/2024-07-07_brandsicherheitswache-beim-2-feldkirchner-feldslalom-3.jpg 900w\" sizes=\"auto, (max-width: 240px) 100vw, 240px\" data-caption=\"\" class=\"light-dropshaddow\" itemprop=\"contentUrl\" alt=\"\"><meta itemprop=\"url\" content=\"https:\/\/ff-muehldorf.at\/wordpress\/wp-content\/uploads\/2024\/07\/07\/2024-07-07_brandsicherheitswache-beim-2-feldkirchner-feldslalom-3-240x320.jpg\"><meta itemprop=\"width\" content=\"240px\"><meta itemprop=\"height\" content=\"320px\"><\/div><\/div><\/a><\/div><\/div><div class=\"tcol-lg-2 tcol-md-2 tcol-sm-3 tcol-xs-4 tcol-ss-6 g_item\"><div class=\"grid_item kt_item_fade_in kad_gallery_fade_in gallery_item\"><a href=\"https:\/\/ff-muehldorf.at\/wordpress\/wp-content\/uploads\/2024\/07\/07\/2024-07-07_brandsicherheitswache-beim-2-feldkirchner-feldslalom-4.jpg\" data-rel=\"lightbox\" class=\"lightboxhover\"><div class=\"kt-intrinsic\" style=\"padding-bottom:133.33333333333%;\"><div itemprop=\"image\" itemscope itemtype=\"https:\/\/schema.org\/ImageObject\"><img loading=\"lazy\" decoding=\"async\" width=\"240\" height=\"320\" src=\"https:\/\/ff-muehldorf.at\/wordpress\/wp-content\/uploads\/2024\/07\/07\/2024-07-07_brandsicherheitswache-beim-2-feldkirchner-feldslalom-4-240x320.jpg\" srcset=\"https:\/\/ff-muehldorf.at\/wordpress\/wp-content\/uploads\/2024\/07\/07\/2024-07-07_brandsicherheitswache-beim-2-feldkirchner-feldslalom-4-240x320.jpg 240w, https:\/\/ff-muehldorf.at\/wordpress\/wp-content\/uploads\/2024\/07\/07\/2024-07-07_brandsicherheitswache-beim-2-feldkirchner-feldslalom-4-225x300.jpg 225w, https:\/\/ff-muehldorf.at\/wordpress\/wp-content\/uploads\/2024\/07\/07\/2024-07-07_brandsicherheitswache-beim-2-feldkirchner-feldslalom-4-768x1024.jpg 768w, https:\/\/ff-muehldorf.at\/wordpress\/wp-content\/uploads\/2024\/07\/07\/2024-07-07_brandsicherheitswache-beim-2-feldkirchner-feldslalom-4-600x800.jpg 600w, https:\/\/ff-muehldorf.at\/wordpress\/wp-content\/uploads\/2024\/07\/07\/2024-07-07_brandsicherheitswache-beim-2-feldkirchner-feldslalom-4-480x640.jpg 480w, https:\/\/ff-muehldorf.at\/wordpress\/wp-content\/uploads\/2024\/07\/07\/2024-07-07_brandsicherheitswache-beim-2-feldkirchner-feldslalom-4.jpg 900w\" sizes=\"auto, (max-width: 240px) 100vw, 240px\" data-caption=\"\" class=\"light-dropshaddow\" itemprop=\"contentUrl\" alt=\"\"><meta itemprop=\"url\" content=\"https:\/\/ff-muehldorf.at\/wordpress\/wp-content\/uploads\/2024\/07\/07\/2024-07-07_brandsicherheitswache-beim-2-feldkirchner-feldslalom-4-240x320.jpg\"><meta itemprop=\"width\" content=\"240px\"><meta itemprop=\"height\" content=\"320px\"><\/div><\/div><\/a><\/div><\/div><div class=\"tcol-lg-2 tcol-md-2 tcol-sm-3 tcol-xs-4 tcol-ss-6 g_item\"><div class=\"grid_item kt_item_fade_in kad_gallery_fade_in gallery_item\"><a href=\"https:\/\/ff-muehldorf.at\/wordpress\/wp-content\/uploads\/2024\/07\/07\/2024-07-07_brandsicherheitswache-beim-2-feldkirchner-feldslalom-8.jpg\" data-rel=\"lightbox\" class=\"lightboxhover\"><div class=\"kt-intrinsic\" style=\"padding-bottom:66.666666666667%;\"><div itemprop=\"image\" itemscope itemtype=\"https:\/\/schema.org\/ImageObject\"><img loading=\"lazy\" decoding=\"async\" width=\"240\" height=\"160\" src=\"https:\/\/ff-muehldorf.at\/wordpress\/wp-content\/uploads\/2024\/07\/07\/2024-07-07_brandsicherheitswache-beim-2-feldkirchner-feldslalom-8-240x160.jpg\" srcset=\"https:\/\/ff-muehldorf.at\/wordpress\/wp-content\/uploads\/2024\/07\/07\/2024-07-07_brandsicherheitswache-beim-2-feldkirchner-feldslalom-8-240x160.jpg 240w, https:\/\/ff-muehldorf.at\/wordpress\/wp-content\/uploads\/2024\/07\/07\/2024-07-07_brandsicherheitswache-beim-2-feldkirchner-feldslalom-8-300x200.jpg 300w, https:\/\/ff-muehldorf.at\/wordpress\/wp-content\/uploads\/2024\/07\/07\/2024-07-07_brandsicherheitswache-beim-2-feldkirchner-feldslalom-8-1024x683.jpg 1024w, https:\/\/ff-muehldorf.at\/wordpress\/wp-content\/uploads\/2024\/07\/07\/2024-07-07_brandsicherheitswache-beim-2-feldkirchner-feldslalom-8-768x512.jpg 768w, https:\/\/ff-muehldorf.at\/wordpress\/wp-content\/uploads\/2024\/07\/07\/2024-07-07_brandsicherheitswache-beim-2-feldkirchner-feldslalom-8-600x400.jpg 600w, https:\/\/ff-muehldorf.at\/wordpress\/wp-content\/uploads\/2024\/07\/07\/2024-07-07_brandsicherheitswache-beim-2-feldkirchner-feldslalom-8-480x320.jpg 480w, https:\/\/ff-muehldorf.at\/wordpress\/wp-content\/uploads\/2024\/07\/07\/2024-07-07_brandsicherheitswache-beim-2-feldkirchner-feldslalom-8.jpg 1200w\" sizes=\"auto, (max-width: 240px) 100vw, 240px\" data-caption=\"\" class=\"light-dropshaddow\" itemprop=\"contentUrl\" alt=\"\"><meta itemprop=\"url\" content=\"https:\/\/ff-muehldorf.at\/wordpress\/wp-content\/uploads\/2024\/07\/07\/2024-07-07_brandsicherheitswache-beim-2-feldkirchner-feldslalom-8-240x160.jpg\"><meta itemprop=\"width\" content=\"240px\"><meta itemprop=\"height\" content=\"160px\"><\/div><\/div><\/a><\/div><\/div><div class=\"tcol-lg-2 tcol-md-2 tcol-sm-3 tcol-xs-4 tcol-ss-6 g_item\"><div class=\"grid_item kt_item_fade_in kad_gallery_fade_in gallery_item\"><a href=\"https:\/\/ff-muehldorf.at\/wordpress\/wp-content\/uploads\/2024\/07\/07\/2024-07-07_brandsicherheitswache-beim-2-feldkirchner-feldslalom-11.jpg\" data-rel=\"lightbox\" class=\"lightboxhover\"><div class=\"kt-intrinsic\" style=\"padding-bottom:66.666666666667%;\"><div itemprop=\"image\" itemscope itemtype=\"https:\/\/schema.org\/ImageObject\"><img loading=\"lazy\" decoding=\"async\" width=\"240\" height=\"160\" src=\"https:\/\/ff-muehldorf.at\/wordpress\/wp-content\/uploads\/2024\/07\/07\/2024-07-07_brandsicherheitswache-beim-2-feldkirchner-feldslalom-11-240x160.jpg\" srcset=\"https:\/\/ff-muehldorf.at\/wordpress\/wp-content\/uploads\/2024\/07\/07\/2024-07-07_brandsicherheitswache-beim-2-feldkirchner-feldslalom-11-240x160.jpg 240w, https:\/\/ff-muehldorf.at\/wordpress\/wp-content\/uploads\/2024\/07\/07\/2024-07-07_brandsicherheitswache-beim-2-feldkirchner-feldslalom-11-300x200.jpg 300w, https:\/\/ff-muehldorf.at\/wordpress\/wp-content\/uploads\/2024\/07\/07\/2024-07-07_brandsicherheitswache-beim-2-feldkirchner-feldslalom-11-1024x683.jpg 1024w, https:\/\/ff-muehldorf.at\/wordpress\/wp-content\/uploads\/2024\/07\/07\/2024-07-07_brandsicherheitswache-beim-2-feldkirchner-feldslalom-11-768x512.jpg 768w, https:\/\/ff-muehldorf.at\/wordpress\/wp-content\/uploads\/2024\/07\/07\/2024-07-07_brandsicherheitswache-beim-2-feldkirchner-feldslalom-11-600x400.jpg 600w, https:\/\/ff-muehldorf.at\/wordpress\/wp-content\/uploads\/2024\/07\/07\/2024-07-07_brandsicherheitswache-beim-2-feldkirchner-feldslalom-11-480x320.jpg 480w, https:\/\/ff-muehldorf.at\/wordpress\/wp-content\/uploads\/2024\/07\/07\/2024-07-07_brandsicherheitswache-beim-2-feldkirchner-feldslalom-11.jpg 1200w\" sizes=\"auto, (max-width: 240px) 100vw, 240px\" data-caption=\"\" class=\"light-dropshaddow\" itemprop=\"contentUrl\" alt=\"\"><meta itemprop=\"url\" content=\"https:\/\/ff-muehldorf.at\/wordpress\/wp-content\/uploads\/2024\/07\/07\/2024-07-07_brandsicherheitswache-beim-2-feldkirchner-feldslalom-11-240x160.jpg\"><meta itemprop=\"width\" content=\"240px\"><meta itemprop=\"height\" content=\"160px\"><\/div><\/div><\/a><\/div><\/div><div class=\"tcol-lg-2 tcol-md-2 tcol-sm-3 tcol-xs-4 tcol-ss-6 g_item\"><div class=\"grid_item kt_item_fade_in kad_gallery_fade_in gallery_item\"><a href=\"https:\/\/ff-muehldorf.at\/wordpress\/wp-content\/uploads\/2024\/07\/07\/2024-07-07_brandsicherheitswache-beim-2-feldkirchner-feldslalom-13.jpg\" data-rel=\"lightbox\" class=\"lightboxhover\"><div class=\"kt-intrinsic\" style=\"padding-bottom:66.666666666667%;\"><div itemprop=\"image\" itemscope itemtype=\"https:\/\/schema.org\/ImageObject\"><img loading=\"lazy\" decoding=\"async\" width=\"240\" height=\"160\" src=\"https:\/\/ff-muehldorf.at\/wordpress\/wp-content\/uploads\/2024\/07\/07\/2024-07-07_brandsicherheitswache-beim-2-feldkirchner-feldslalom-13-240x160.jpg\" srcset=\"https:\/\/ff-muehldorf.at\/wordpress\/wp-content\/uploads\/2024\/07\/07\/2024-07-07_brandsicherheitswache-beim-2-feldkirchner-feldslalom-13-240x160.jpg 240w, https:\/\/ff-muehldorf.at\/wordpress\/wp-content\/uploads\/2024\/07\/07\/2024-07-07_brandsicherheitswache-beim-2-feldkirchner-feldslalom-13-300x200.jpg 300w, https:\/\/ff-muehldorf.at\/wordpress\/wp-content\/uploads\/2024\/07\/07\/2024-07-07_brandsicherheitswache-beim-2-feldkirchner-feldslalom-13-1024x683.jpg 1024w, https:\/\/ff-muehldorf.at\/wordpress\/wp-content\/uploads\/2024\/07\/07\/2024-07-07_brandsicherheitswache-beim-2-feldkirchner-feldslalom-13-768x512.jpg 768w, https:\/\/ff-muehldorf.at\/wordpress\/wp-content\/uploads\/2024\/07\/07\/2024-07-07_brandsicherheitswache-beim-2-feldkirchner-feldslalom-13-600x400.jpg 600w, https:\/\/ff-muehldorf.at\/wordpress\/wp-content\/uploads\/2024\/07\/07\/2024-07-07_brandsicherheitswache-beim-2-feldkirchner-feldslalom-13-480x320.jpg 480w, https:\/\/ff-muehldorf.at\/wordpress\/wp-content\/uploads\/2024\/07\/07\/2024-07-07_brandsicherheitswache-beim-2-feldkirchner-feldslalom-13.jpg 1200w\" sizes=\"auto, (max-width: 240px) 100vw, 240px\" data-caption=\"\" class=\"light-dropshaddow\" itemprop=\"contentUrl\" alt=\"\"><meta itemprop=\"url\" content=\"https:\/\/ff-muehldorf.at\/wordpress\/wp-content\/uploads\/2024\/07\/07\/2024-07-07_brandsicherheitswache-beim-2-feldkirchner-feldslalom-13-240x160.jpg\"><meta itemprop=\"width\" content=\"240px\"><meta itemprop=\"height\" content=\"160px\"><\/div><\/div><\/a><\/div><\/div><div class=\"tcol-lg-2 tcol-md-2 tcol-sm-3 tcol-xs-4 tcol-ss-6 g_item\"><div class=\"grid_item kt_item_fade_in kad_gallery_fade_in gallery_item\"><a href=\"https:\/\/ff-muehldorf.at\/wordpress\/wp-content\/uploads\/2024\/07\/07\/2024-07-07_brandsicherheitswache-beim-2-feldkirchner-feldslalom-5.jpg\" data-rel=\"lightbox\" class=\"lightboxhover\"><div class=\"kt-intrinsic\" style=\"padding-bottom:133.33333333333%;\"><div itemprop=\"image\" itemscope itemtype=\"https:\/\/schema.org\/ImageObject\"><img loading=\"lazy\" decoding=\"async\" width=\"240\" height=\"320\" src=\"https:\/\/ff-muehldorf.at\/wordpress\/wp-content\/uploads\/2024\/07\/07\/2024-07-07_brandsicherheitswache-beim-2-feldkirchner-feldslalom-5-240x320.jpg\" srcset=\"https:\/\/ff-muehldorf.at\/wordpress\/wp-content\/uploads\/2024\/07\/07\/2024-07-07_brandsicherheitswache-beim-2-feldkirchner-feldslalom-5-240x320.jpg 240w, https:\/\/ff-muehldorf.at\/wordpress\/wp-content\/uploads\/2024\/07\/07\/2024-07-07_brandsicherheitswache-beim-2-feldkirchner-feldslalom-5-225x300.jpg 225w, https:\/\/ff-muehldorf.at\/wordpress\/wp-content\/uploads\/2024\/07\/07\/2024-07-07_brandsicherheitswache-beim-2-feldkirchner-feldslalom-5-768x1024.jpg 768w, https:\/\/ff-muehldorf.at\/wordpress\/wp-content\/uploads\/2024\/07\/07\/2024-07-07_brandsicherheitswache-beim-2-feldkirchner-feldslalom-5-600x800.jpg 600w, https:\/\/ff-muehldorf.at\/wordpress\/wp-content\/uploads\/2024\/07\/07\/2024-07-07_brandsicherheitswache-beim-2-feldkirchner-feldslalom-5-480x640.jpg 480w, https:\/\/ff-muehldorf.at\/wordpress\/wp-content\/uploads\/2024\/07\/07\/2024-07-07_brandsicherheitswache-beim-2-feldkirchner-feldslalom-5.jpg 900w\" sizes=\"auto, (max-width: 240px) 100vw, 240px\" data-caption=\"\" class=\"light-dropshaddow\" itemprop=\"contentUrl\" alt=\"\"><meta itemprop=\"url\" content=\"https:\/\/ff-muehldorf.at\/wordpress\/wp-content\/uploads\/2024\/07\/07\/2024-07-07_brandsicherheitswache-beim-2-feldkirchner-feldslalom-5-240x320.jpg\"><meta itemprop=\"width\" content=\"240px\"><meta itemprop=\"height\" content=\"320px\"><\/div><\/div><\/a><\/div><\/div><div class=\"tcol-lg-2 tcol-md-2 tcol-sm-3 tcol-xs-4 tcol-ss-6 g_item\"><div class=\"grid_item kt_item_fade_in kad_gallery_fade_in gallery_item\"><a href=\"https:\/\/ff-muehldorf.at\/wordpress\/wp-content\/uploads\/2024\/07\/07\/2024-07-07_brandsicherheitswache-beim-2-feldkirchner-feldslalom-1.jpg\" data-rel=\"lightbox\" class=\"lightboxhover\"><div class=\"kt-intrinsic\" style=\"padding-bottom:133.33333333333%;\"><div itemprop=\"image\" itemscope itemtype=\"https:\/\/schema.org\/ImageObject\"><img loading=\"lazy\" decoding=\"async\" width=\"240\" height=\"320\" src=\"https:\/\/ff-muehldorf.at\/wordpress\/wp-content\/uploads\/2024\/07\/07\/2024-07-07_brandsicherheitswache-beim-2-feldkirchner-feldslalom-1-240x320.jpg\" srcset=\"https:\/\/ff-muehldorf.at\/wordpress\/wp-content\/uploads\/2024\/07\/07\/2024-07-07_brandsicherheitswache-beim-2-feldkirchner-feldslalom-1-240x320.jpg 240w, https:\/\/ff-muehldorf.at\/wordpress\/wp-content\/uploads\/2024\/07\/07\/2024-07-07_brandsicherheitswache-beim-2-feldkirchner-feldslalom-1-225x300.jpg 225w, https:\/\/ff-muehldorf.at\/wordpress\/wp-content\/uploads\/2024\/07\/07\/2024-07-07_brandsicherheitswache-beim-2-feldkirchner-feldslalom-1-768x1024.jpg 768w, https:\/\/ff-muehldorf.at\/wordpress\/wp-content\/uploads\/2024\/07\/07\/2024-07-07_brandsicherheitswache-beim-2-feldkirchner-feldslalom-1-600x800.jpg 600w, https:\/\/ff-muehldorf.at\/wordpress\/wp-content\/uploads\/2024\/07\/07\/2024-07-07_brandsicherheitswache-beim-2-feldkirchner-feldslalom-1-480x640.jpg 480w, https:\/\/ff-muehldorf.at\/wordpress\/wp-content\/uploads\/2024\/07\/07\/2024-07-07_brandsicherheitswache-beim-2-feldkirchner-feldslalom-1.jpg 900w\" sizes=\"auto, (max-width: 240px) 100vw, 240px\" data-caption=\"\" class=\"light-dropshaddow\" itemprop=\"contentUrl\" alt=\"\"><meta itemprop=\"url\" content=\"https:\/\/ff-muehldorf.at\/wordpress\/wp-content\/uploads\/2024\/07\/07\/2024-07-07_brandsicherheitswache-beim-2-feldkirchner-feldslalom-1-240x320.jpg\"><meta itemprop=\"width\" content=\"240px\"><meta itemprop=\"height\" content=\"320px\"><\/div><\/div><\/a><\/div><\/div><div class=\"tcol-lg-2 tcol-md-2 tcol-sm-3 tcol-xs-4 tcol-ss-6 g_item\"><div class=\"grid_item kt_item_fade_in kad_gallery_fade_in gallery_item\"><a href=\"https:\/\/ff-muehldorf.at\/wordpress\/wp-content\/uploads\/2024\/07\/07\/2024-07-07_brandsicherheitswache-beim-2-feldkirchner-feldslalom-6.jpg\" data-rel=\"lightbox\" class=\"lightboxhover\"><div class=\"kt-intrinsic\" style=\"padding-bottom:66.666666666667%;\"><div itemprop=\"image\" itemscope itemtype=\"https:\/\/schema.org\/ImageObject\"><img loading=\"lazy\" decoding=\"async\" width=\"240\" height=\"160\" src=\"https:\/\/ff-muehldorf.at\/wordpress\/wp-content\/uploads\/2024\/07\/07\/2024-07-07_brandsicherheitswache-beim-2-feldkirchner-feldslalom-6-240x160.jpg\" srcset=\"https:\/\/ff-muehldorf.at\/wordpress\/wp-content\/uploads\/2024\/07\/07\/2024-07-07_brandsicherheitswache-beim-2-feldkirchner-feldslalom-6-240x160.jpg 240w, https:\/\/ff-muehldorf.at\/wordpress\/wp-content\/uploads\/2024\/07\/07\/2024-07-07_brandsicherheitswache-beim-2-feldkirchner-feldslalom-6-300x200.jpg 300w, https:\/\/ff-muehldorf.at\/wordpress\/wp-content\/uploads\/2024\/07\/07\/2024-07-07_brandsicherheitswache-beim-2-feldkirchner-feldslalom-6-1024x683.jpg 1024w, https:\/\/ff-muehldorf.at\/wordpress\/wp-content\/uploads\/2024\/07\/07\/2024-07-07_brandsicherheitswache-beim-2-feldkirchner-feldslalom-6-768x512.jpg 768w, https:\/\/ff-muehldorf.at\/wordpress\/wp-content\/uploads\/2024\/07\/07\/2024-07-07_brandsicherheitswache-beim-2-feldkirchner-feldslalom-6-600x400.jpg 600w, https:\/\/ff-muehldorf.at\/wordpress\/wp-content\/uploads\/2024\/07\/07\/2024-07-07_brandsicherheitswache-beim-2-feldkirchner-feldslalom-6-480x320.jpg 480w, https:\/\/ff-muehldorf.at\/wordpress\/wp-content\/uploads\/2024\/07\/07\/2024-07-07_brandsicherheitswache-beim-2-feldkirchner-feldslalom-6.jpg 1200w\" sizes=\"auto, (max-width: 240px) 100vw, 240px\" data-caption=\"\" class=\"light-dropshaddow\" itemprop=\"contentUrl\" alt=\"\"><meta itemprop=\"url\" content=\"https:\/\/ff-muehldorf.at\/wordpress\/wp-content\/uploads\/2024\/07\/07\/2024-07-07_brandsicherheitswache-beim-2-feldkirchner-feldslalom-6-240x160.jpg\"><meta itemprop=\"width\" content=\"240px\"><meta itemprop=\"height\" content=\"160px\"><\/div><\/div><\/a><\/div><\/div><\/div>\n<p><em>Quellverweis: FF-M\u00fchldorf &amp; was-tuat-si.at<\/em><\/p>\n","protected":false},"excerpt":{"rendered":"<p>Am Sonntag den 07. Juli 2024 veranstaltet der Motorsportverein MS-Strich den 2. Feldkirchner Feldslalom beim Gefl\u00fcgelhof Schwareiter in Freudenstein. Trotz widrigster Wetterbedingungen mit viel Regen und Schlamm, wurde diese Motorsportveranstaltung mit ca. 100 Startern und ca. 400 Zuschauern durchgef\u00fchrt. Wie &hellip; <a class=\"kt-excerpt-readmore\" href=\"https:\/\/ff-muehldorf.at\/wordpress\/2024\/07\/07\/brandsicherheitswache-beim-2-feldkirchner-feldslalom\/\" aria-label=\"Brandsicherheitswache beim 2. Feldkirchner Feldslalom\">weiter&#8230;<\/a><\/p>\n","protected":false},"author":7,"featured_media":10984,"comment_status":"closed","ping_status":"closed","sticky":false,"template":"","format":"standard","meta":{"footnotes":""},"categories":[2,13,14,66],"tags":[1016,1018,1019,156,881,157,1017,520],"class_list":["post-10968","post","type-post","status-publish","format-standard","has-post-thumbnail","hentry","category-aktivitaeten","category-brandschutz","category-technische-hilfe","category-veranstaltungen","tag-2-feldkirchner-feldslalom","tag-autoslalom","tag-buggy","tag-freudenstein","tag-gefluegelhof-schwareiter","tag-motorrad","tag-ms-strich","tag-schauerbachweg"],"_links":{"self":[{"href":"https:\/\/ff-muehldorf.at\/wordpress\/wp-json\/wp\/v2\/posts\/10968","targetHints":{"allow":["GET"]}}],"collection":[{"href":"https:\/\/ff-muehldorf.at\/wordpress\/wp-json\/wp\/v2\/posts"}],"about":[{"href":"https:\/\/ff-muehldorf.at\/wordpress\/wp-json\/wp\/v2\/types\/post"}],"author":[{"embeddable":true,"href":"https:\/\/ff-muehldorf.at\/wordpress\/wp-json\/wp\/v2\/users\/7"}],"replies":[{"embeddable":true,"href":"https:\/\/ff-muehldorf.at\/wordpress\/wp-json\/wp\/v2\/comments?post=10968"}],"version-history":[{"count":2,"href":"https:\/\/ff-muehldorf.at\/wordpress\/wp-json\/wp\/v2\/posts\/10968\/revisions"}],"predecessor-version":[{"id":10985,"href":"https:\/\/ff-muehldorf.at\/wordpress\/wp-json\/wp\/v2\/posts\/10968\/revisions\/10985"}],"wp:featuredmedia":[{"embeddable":true,"href":"https:\/\/ff-muehldorf.at\/wordpress\/wp-json\/wp\/v2\/media\/10984"}],"wp:attachment":[{"href":"https:\/\/ff-muehldorf.at\/wordpress\/wp-json\/wp\/v2\/media?parent=10968"}],"wp:term":[{"taxonomy":"category","embeddable":true,"href":"https:\/\/ff-muehldorf.at\/wordpress\/wp-json\/wp\/v2\/categories?post=10968"},{"taxonomy":"post_tag","embeddable":true,"href":"https:\/\/ff-muehldorf.at\/wordpress\/wp-json\/wp\/v2\/tags?post=10968"}],"curies":[{"name":"wp","href":"https:\/\/api.w.org\/{rel}","templated":true}]}}