{"id":11699,"date":"2025-03-28T20:00:54","date_gmt":"2025-03-28T19:00:54","guid":{"rendered":"https:\/\/ff-muehldorf.at\/wordpress\/?p=11699"},"modified":"2025-03-30T09:36:45","modified_gmt":"2025-03-30T07:36:45","slug":"brandeinsatzuebung-des-pflichtbereichs-feldkirchen","status":"publish","type":"post","link":"https:\/\/ff-muehldorf.at\/wordpress\/2025\/03\/28\/brandeinsatzuebung-des-pflichtbereichs-feldkirchen\/","title":{"rendered":"Brandeinsatz\u00fcbung des Pflichtbereichs-Feldkirchen"},"content":{"rendered":"<p>Am Freitag, den 28.03.2025 wurde die Pflichtbereichs\u00fcbung der Gemeinde Feldkirchen in Oberwallsee abgehalten. Die \u00dcbung wurde in diesem Jahr von der FF-Bad M\u00fchllacken organisiert und durchgef\u00fchrt. Neben den 5 Feuerwehren des Pflichtbereichs nahm auch die FF-Goldw\u00f6rth an dieser \u00dcbung teil.\u00a0Die \u00dcbungsalarmierung erfolgte um 16:00 Uhr, \u00fcber Funk wurden auch erste Lageinformationen an die teilnehmenden Feuerwehren \u00fcbermittelt. Die Meldung lautete: \u201eBrand eines Landwirtschaftlichen Objektes in Oberwallsee, 1 Person vermisst, Verkehrswege freihalten\u201c!<\/p>\n<p>Sofort nach Eintreffen am \u00dcbungsort wurde vom KDOF M\u00fchldorf die Einsatzleitstelle aufgebaut und in Abstimmung mit dem Einsatzleiter und den Einsatzabschnittsleitern mit der Lagef\u00fchrung und Einsatzdokumentation begonnen. Die TLF-Besatzungen der FF-Bad M\u00fchllacken, der FF-Feldkirchen und der FF-Lacken \u00fcbernahmen in der Zwischenzeit mit je einem Atemschutztrupp und einem Strahlrohr den Objektschutz und die Personenrettung.\u00a0Die Besatzung unseres KLF wurde mit dem Aufbau der 1200m langen L\u00f6schwasserleitung vom n\u00e4chstgelegenen L\u00f6schbeh\u00e4lter betraut. Gemeinsam mit der FF-Lacken, der FF-Landshaag und der FF-Goldw\u00f6rth wurde noch eine zweite L\u00f6schleitung vom tiefergelegenen Tiefenbach zum L\u00f6schbeh\u00e4lter aufgebaut. Um den H\u00f6henunterschied zwischen dem Tiefenbach, dem L\u00f6schwasserbeh\u00e4lter und dem \u00dcbungsobjekt zu \u00fcberwinden, kamen in dieser Leitung insgesamt vier Tragkraftspritzen im Relaisbetrieb zum Einsatz. Die erste Leitung f\u00f6rderte nach ca. 15 Minuten das dringend ben\u00f6tigte L\u00f6schwasser zum \u00dcbungsobjekt, die zweite Leitung vom Tiefenbach war nach ca. 40 Minuten vollst\u00e4ndig betriebsbereit.<\/p>\n<p>Die vermisste Person (\u00dcbungspuppe) war im Wirtschaftstrakt des Landwirtschaftlichen Objektes in einem Hackschnitzellager eingesunken und es ragte nur mehr der Kopf aus dem Sch\u00fcttgut heraus. Die Rettungstrupps begannen sofort mit den herausfordernden Rettungsarbeiten, die nach ca. 30 Minuten auch erfolgreich abgeschlossen werden konnten.<\/p>\n<p>Bei der Nachbesprechung im Feuerwehrhaus der FF-Bad M\u00fchllacken wurde von den \u00dcbungsleitern OBI Thomas Poxrucker und BI J\u00fcrgen Pichler ein sehr positives Feedback zur geleisteten Arbeit und zur reibungslosen Zusammenarbeit, Kommunikation und Effizienz abgegeben.<\/p>\n<p>&nbsp;<\/p>\n<p><a href=\"https:\/\/uu.ooelfv.at\/aktuelles\/news\/beitrag\/pflichtbereichsuebung-gde-feldkirchen-donau\" target=\"_blank\" rel=\"noopener\">Pressebericht BFK Urfahr Umgebung<\/a><br \/>\n<a href=\"https:\/\/www.flickr.com\/photos\/bfkuu\/albums\/72177720324739464\" target=\"_blank\" rel=\"noopener\">Fotos vom der Gemeinde\u00fcbung (BFK)<\/a><\/p>\n<p>&nbsp;<\/p>\n<p><strong><em>Fotos:<\/em><\/strong><\/p>\n<div id=\"kad-wp-gallery97\" class=\"kad-wp-gallery gallery kt-gallery-column-6 init-isotope-intrinsic reinit-isotope kad-light-wp-gallery clearfix rowtight\" data-fade-in=\"1\" data-iso-selector=\".g_item\" data-iso-style=\"masonry\" data-iso-filter=\"false\"><div class=\"tcol-lg-2 tcol-md-2 tcol-sm-3 tcol-xs-4 tcol-ss-6 g_item\"><div class=\"grid_item kt_item_fade_in kad_gallery_fade_in gallery_item\"><a href=\"https:\/\/ff-muehldorf.at\/wordpress\/wp-content\/uploads\/2025\/03\/28\/2025-03-28_brandeinsatz-uebung-des-pflichtbereichs-feldkirchen-20.jpg\" data-rel=\"lightbox\" class=\"lightboxhover\"><div class=\"kt-intrinsic\" style=\"padding-bottom:75%;\"><div itemprop=\"image\" itemscope itemtype=\"https:\/\/schema.org\/ImageObject\"><img loading=\"lazy\" decoding=\"async\" width=\"240\" height=\"180\" src=\"https:\/\/ff-muehldorf.at\/wordpress\/wp-content\/uploads\/2025\/03\/28\/2025-03-28_brandeinsatz-uebung-des-pflichtbereichs-feldkirchen-20-240x180.jpg\" srcset=\"https:\/\/ff-muehldorf.at\/wordpress\/wp-content\/uploads\/2025\/03\/28\/2025-03-28_brandeinsatz-uebung-des-pflichtbereichs-feldkirchen-20-240x180.jpg 240w, https:\/\/ff-muehldorf.at\/wordpress\/wp-content\/uploads\/2025\/03\/28\/2025-03-28_brandeinsatz-uebung-des-pflichtbereichs-feldkirchen-20-300x225.jpg 300w, https:\/\/ff-muehldorf.at\/wordpress\/wp-content\/uploads\/2025\/03\/28\/2025-03-28_brandeinsatz-uebung-des-pflichtbereichs-feldkirchen-20-1024x767.jpg 1024w, https:\/\/ff-muehldorf.at\/wordpress\/wp-content\/uploads\/2025\/03\/28\/2025-03-28_brandeinsatz-uebung-des-pflichtbereichs-feldkirchen-20-768x575.jpg 768w, https:\/\/ff-muehldorf.at\/wordpress\/wp-content\/uploads\/2025\/03\/28\/2025-03-28_brandeinsatz-uebung-des-pflichtbereichs-feldkirchen-20-600x450.jpg 600w, https:\/\/ff-muehldorf.at\/wordpress\/wp-content\/uploads\/2025\/03\/28\/2025-03-28_brandeinsatz-uebung-des-pflichtbereichs-feldkirchen-20-480x360.jpg 480w, https:\/\/ff-muehldorf.at\/wordpress\/wp-content\/uploads\/2025\/03\/28\/2025-03-28_brandeinsatz-uebung-des-pflichtbereichs-feldkirchen-20.jpg 1200w\" sizes=\"auto, (max-width: 240px) 100vw, 240px\" data-caption=\"\" class=\"light-dropshaddow\" itemprop=\"contentUrl\" alt=\"\"><meta itemprop=\"url\" content=\"https:\/\/ff-muehldorf.at\/wordpress\/wp-content\/uploads\/2025\/03\/28\/2025-03-28_brandeinsatz-uebung-des-pflichtbereichs-feldkirchen-20-240x180.jpg\"><meta itemprop=\"width\" content=\"240px\"><meta itemprop=\"height\" content=\"180px\"><\/div><\/div><\/a><\/div><\/div><div class=\"tcol-lg-2 tcol-md-2 tcol-sm-3 tcol-xs-4 tcol-ss-6 g_item\"><div class=\"grid_item kt_item_fade_in kad_gallery_fade_in gallery_item\"><a href=\"https:\/\/ff-muehldorf.at\/wordpress\/wp-content\/uploads\/2025\/03\/28\/2025-03-28_brandeinsatz-uebung-des-pflichtbereichs-feldkirchen-19.jpg\" data-rel=\"lightbox\" class=\"lightboxhover\"><div class=\"kt-intrinsic\" style=\"padding-bottom:66.666666666667%;\"><div itemprop=\"image\" itemscope itemtype=\"https:\/\/schema.org\/ImageObject\"><img loading=\"lazy\" decoding=\"async\" width=\"240\" height=\"160\" src=\"https:\/\/ff-muehldorf.at\/wordpress\/wp-content\/uploads\/2025\/03\/28\/2025-03-28_brandeinsatz-uebung-des-pflichtbereichs-feldkirchen-19-240x160.jpg\" srcset=\"https:\/\/ff-muehldorf.at\/wordpress\/wp-content\/uploads\/2025\/03\/28\/2025-03-28_brandeinsatz-uebung-des-pflichtbereichs-feldkirchen-19-240x160.jpg 240w, https:\/\/ff-muehldorf.at\/wordpress\/wp-content\/uploads\/2025\/03\/28\/2025-03-28_brandeinsatz-uebung-des-pflichtbereichs-feldkirchen-19-300x200.jpg 300w, https:\/\/ff-muehldorf.at\/wordpress\/wp-content\/uploads\/2025\/03\/28\/2025-03-28_brandeinsatz-uebung-des-pflichtbereichs-feldkirchen-19-1024x683.jpg 1024w, https:\/\/ff-muehldorf.at\/wordpress\/wp-content\/uploads\/2025\/03\/28\/2025-03-28_brandeinsatz-uebung-des-pflichtbereichs-feldkirchen-19-768x512.jpg 768w, https:\/\/ff-muehldorf.at\/wordpress\/wp-content\/uploads\/2025\/03\/28\/2025-03-28_brandeinsatz-uebung-des-pflichtbereichs-feldkirchen-19-600x400.jpg 600w, https:\/\/ff-muehldorf.at\/wordpress\/wp-content\/uploads\/2025\/03\/28\/2025-03-28_brandeinsatz-uebung-des-pflichtbereichs-feldkirchen-19-480x320.jpg 480w, https:\/\/ff-muehldorf.at\/wordpress\/wp-content\/uploads\/2025\/03\/28\/2025-03-28_brandeinsatz-uebung-des-pflichtbereichs-feldkirchen-19.jpg 1200w\" sizes=\"auto, (max-width: 240px) 100vw, 240px\" data-caption=\"\" class=\"light-dropshaddow\" itemprop=\"contentUrl\" alt=\"\"><meta itemprop=\"url\" content=\"https:\/\/ff-muehldorf.at\/wordpress\/wp-content\/uploads\/2025\/03\/28\/2025-03-28_brandeinsatz-uebung-des-pflichtbereichs-feldkirchen-19-240x160.jpg\"><meta itemprop=\"width\" content=\"240px\"><meta itemprop=\"height\" content=\"160px\"><\/div><\/div><\/a><\/div><\/div><div class=\"tcol-lg-2 tcol-md-2 tcol-sm-3 tcol-xs-4 tcol-ss-6 g_item\"><div class=\"grid_item kt_item_fade_in kad_gallery_fade_in gallery_item\"><a href=\"https:\/\/ff-muehldorf.at\/wordpress\/wp-content\/uploads\/2025\/03\/28\/2025-03-28_brandeinsatz-uebung-des-pflichtbereichs-feldkirchen-5.jpg\" data-rel=\"lightbox\" class=\"lightboxhover\"><div class=\"kt-intrinsic\" style=\"padding-bottom:56.25%;\"><div itemprop=\"image\" itemscope itemtype=\"https:\/\/schema.org\/ImageObject\"><img loading=\"lazy\" decoding=\"async\" width=\"240\" height=\"135\" src=\"https:\/\/ff-muehldorf.at\/wordpress\/wp-content\/uploads\/2025\/03\/28\/2025-03-28_brandeinsatz-uebung-des-pflichtbereichs-feldkirchen-5-240x135.jpg\" srcset=\"https:\/\/ff-muehldorf.at\/wordpress\/wp-content\/uploads\/2025\/03\/28\/2025-03-28_brandeinsatz-uebung-des-pflichtbereichs-feldkirchen-5-240x135.jpg 240w, https:\/\/ff-muehldorf.at\/wordpress\/wp-content\/uploads\/2025\/03\/28\/2025-03-28_brandeinsatz-uebung-des-pflichtbereichs-feldkirchen-5-300x169.jpg 300w, https:\/\/ff-muehldorf.at\/wordpress\/wp-content\/uploads\/2025\/03\/28\/2025-03-28_brandeinsatz-uebung-des-pflichtbereichs-feldkirchen-5-1024x576.jpg 1024w, https:\/\/ff-muehldorf.at\/wordpress\/wp-content\/uploads\/2025\/03\/28\/2025-03-28_brandeinsatz-uebung-des-pflichtbereichs-feldkirchen-5-768x432.jpg 768w, https:\/\/ff-muehldorf.at\/wordpress\/wp-content\/uploads\/2025\/03\/28\/2025-03-28_brandeinsatz-uebung-des-pflichtbereichs-feldkirchen-5-600x338.jpg 600w, https:\/\/ff-muehldorf.at\/wordpress\/wp-content\/uploads\/2025\/03\/28\/2025-03-28_brandeinsatz-uebung-des-pflichtbereichs-feldkirchen-5-480x270.jpg 480w, https:\/\/ff-muehldorf.at\/wordpress\/wp-content\/uploads\/2025\/03\/28\/2025-03-28_brandeinsatz-uebung-des-pflichtbereichs-feldkirchen-5.jpg 1200w\" sizes=\"auto, (max-width: 240px) 100vw, 240px\" data-caption=\"\" class=\"light-dropshaddow\" itemprop=\"contentUrl\" alt=\"\"><meta itemprop=\"url\" content=\"https:\/\/ff-muehldorf.at\/wordpress\/wp-content\/uploads\/2025\/03\/28\/2025-03-28_brandeinsatz-uebung-des-pflichtbereichs-feldkirchen-5-240x135.jpg\"><meta itemprop=\"width\" content=\"240px\"><meta itemprop=\"height\" content=\"135px\"><\/div><\/div><\/a><\/div><\/div><div class=\"tcol-lg-2 tcol-md-2 tcol-sm-3 tcol-xs-4 tcol-ss-6 g_item\"><div class=\"grid_item kt_item_fade_in kad_gallery_fade_in gallery_item\"><a href=\"https:\/\/ff-muehldorf.at\/wordpress\/wp-content\/uploads\/2025\/03\/28\/2025-03-28_brandeinsatz-uebung-des-pflichtbereichs-feldkirchen-13.jpg\" data-rel=\"lightbox\" class=\"lightboxhover\"><div class=\"kt-intrinsic\" style=\"padding-bottom:66.666666666667%;\"><div itemprop=\"image\" itemscope itemtype=\"https:\/\/schema.org\/ImageObject\"><img loading=\"lazy\" decoding=\"async\" width=\"240\" height=\"160\" src=\"https:\/\/ff-muehldorf.at\/wordpress\/wp-content\/uploads\/2025\/03\/28\/2025-03-28_brandeinsatz-uebung-des-pflichtbereichs-feldkirchen-13-240x160.jpg\" srcset=\"https:\/\/ff-muehldorf.at\/wordpress\/wp-content\/uploads\/2025\/03\/28\/2025-03-28_brandeinsatz-uebung-des-pflichtbereichs-feldkirchen-13-240x160.jpg 240w, https:\/\/ff-muehldorf.at\/wordpress\/wp-content\/uploads\/2025\/03\/28\/2025-03-28_brandeinsatz-uebung-des-pflichtbereichs-feldkirchen-13-300x200.jpg 300w, https:\/\/ff-muehldorf.at\/wordpress\/wp-content\/uploads\/2025\/03\/28\/2025-03-28_brandeinsatz-uebung-des-pflichtbereichs-feldkirchen-13-1024x684.jpg 1024w, https:\/\/ff-muehldorf.at\/wordpress\/wp-content\/uploads\/2025\/03\/28\/2025-03-28_brandeinsatz-uebung-des-pflichtbereichs-feldkirchen-13-768x513.jpg 768w, https:\/\/ff-muehldorf.at\/wordpress\/wp-content\/uploads\/2025\/03\/28\/2025-03-28_brandeinsatz-uebung-des-pflichtbereichs-feldkirchen-13-600x401.jpg 600w, https:\/\/ff-muehldorf.at\/wordpress\/wp-content\/uploads\/2025\/03\/28\/2025-03-28_brandeinsatz-uebung-des-pflichtbereichs-feldkirchen-13-480x320.jpg 480w, https:\/\/ff-muehldorf.at\/wordpress\/wp-content\/uploads\/2025\/03\/28\/2025-03-28_brandeinsatz-uebung-des-pflichtbereichs-feldkirchen-13.jpg 1200w\" sizes=\"auto, (max-width: 240px) 100vw, 240px\" data-caption=\"\" class=\"light-dropshaddow\" itemprop=\"contentUrl\" alt=\"\"><meta itemprop=\"url\" content=\"https:\/\/ff-muehldorf.at\/wordpress\/wp-content\/uploads\/2025\/03\/28\/2025-03-28_brandeinsatz-uebung-des-pflichtbereichs-feldkirchen-13-240x160.jpg\"><meta itemprop=\"width\" content=\"240px\"><meta itemprop=\"height\" content=\"160px\"><\/div><\/div><\/a><\/div><\/div><div class=\"tcol-lg-2 tcol-md-2 tcol-sm-3 tcol-xs-4 tcol-ss-6 g_item\"><div class=\"grid_item kt_item_fade_in kad_gallery_fade_in gallery_item\"><a href=\"https:\/\/ff-muehldorf.at\/wordpress\/wp-content\/uploads\/2025\/03\/28\/2025-03-28_brandeinsatz-uebung-des-pflichtbereichs-feldkirchen-1.jpg\" data-rel=\"lightbox\" class=\"lightboxhover\"><div class=\"kt-intrinsic\" style=\"padding-bottom:56.25%;\"><div itemprop=\"image\" itemscope itemtype=\"https:\/\/schema.org\/ImageObject\"><img loading=\"lazy\" decoding=\"async\" width=\"240\" height=\"135\" src=\"https:\/\/ff-muehldorf.at\/wordpress\/wp-content\/uploads\/2025\/03\/28\/2025-03-28_brandeinsatz-uebung-des-pflichtbereichs-feldkirchen-1-240x135.jpg\" srcset=\"https:\/\/ff-muehldorf.at\/wordpress\/wp-content\/uploads\/2025\/03\/28\/2025-03-28_brandeinsatz-uebung-des-pflichtbereichs-feldkirchen-1-240x135.jpg 240w, https:\/\/ff-muehldorf.at\/wordpress\/wp-content\/uploads\/2025\/03\/28\/2025-03-28_brandeinsatz-uebung-des-pflichtbereichs-feldkirchen-1-300x169.jpg 300w, https:\/\/ff-muehldorf.at\/wordpress\/wp-content\/uploads\/2025\/03\/28\/2025-03-28_brandeinsatz-uebung-des-pflichtbereichs-feldkirchen-1-1024x576.jpg 1024w, https:\/\/ff-muehldorf.at\/wordpress\/wp-content\/uploads\/2025\/03\/28\/2025-03-28_brandeinsatz-uebung-des-pflichtbereichs-feldkirchen-1-768x432.jpg 768w, https:\/\/ff-muehldorf.at\/wordpress\/wp-content\/uploads\/2025\/03\/28\/2025-03-28_brandeinsatz-uebung-des-pflichtbereichs-feldkirchen-1-600x338.jpg 600w, https:\/\/ff-muehldorf.at\/wordpress\/wp-content\/uploads\/2025\/03\/28\/2025-03-28_brandeinsatz-uebung-des-pflichtbereichs-feldkirchen-1-480x270.jpg 480w, https:\/\/ff-muehldorf.at\/wordpress\/wp-content\/uploads\/2025\/03\/28\/2025-03-28_brandeinsatz-uebung-des-pflichtbereichs-feldkirchen-1.jpg 1200w\" sizes=\"auto, (max-width: 240px) 100vw, 240px\" data-caption=\"\" class=\"light-dropshaddow\" itemprop=\"contentUrl\" alt=\"\"><meta itemprop=\"url\" content=\"https:\/\/ff-muehldorf.at\/wordpress\/wp-content\/uploads\/2025\/03\/28\/2025-03-28_brandeinsatz-uebung-des-pflichtbereichs-feldkirchen-1-240x135.jpg\"><meta itemprop=\"width\" content=\"240px\"><meta itemprop=\"height\" content=\"135px\"><\/div><\/div><\/a><\/div><\/div><div class=\"tcol-lg-2 tcol-md-2 tcol-sm-3 tcol-xs-4 tcol-ss-6 g_item\"><div class=\"grid_item kt_item_fade_in kad_gallery_fade_in gallery_item\"><a href=\"https:\/\/ff-muehldorf.at\/wordpress\/wp-content\/uploads\/2025\/03\/28\/2025-03-28_brandeinsatz-uebung-des-pflichtbereichs-feldkirchen-4.jpg\" data-rel=\"lightbox\" class=\"lightboxhover\"><div class=\"kt-intrinsic\" style=\"padding-bottom:56.25%;\"><div itemprop=\"image\" itemscope itemtype=\"https:\/\/schema.org\/ImageObject\"><img loading=\"lazy\" decoding=\"async\" width=\"240\" height=\"135\" src=\"https:\/\/ff-muehldorf.at\/wordpress\/wp-content\/uploads\/2025\/03\/28\/2025-03-28_brandeinsatz-uebung-des-pflichtbereichs-feldkirchen-4-240x135.jpg\" srcset=\"https:\/\/ff-muehldorf.at\/wordpress\/wp-content\/uploads\/2025\/03\/28\/2025-03-28_brandeinsatz-uebung-des-pflichtbereichs-feldkirchen-4-240x135.jpg 240w, https:\/\/ff-muehldorf.at\/wordpress\/wp-content\/uploads\/2025\/03\/28\/2025-03-28_brandeinsatz-uebung-des-pflichtbereichs-feldkirchen-4-300x169.jpg 300w, https:\/\/ff-muehldorf.at\/wordpress\/wp-content\/uploads\/2025\/03\/28\/2025-03-28_brandeinsatz-uebung-des-pflichtbereichs-feldkirchen-4-1024x576.jpg 1024w, https:\/\/ff-muehldorf.at\/wordpress\/wp-content\/uploads\/2025\/03\/28\/2025-03-28_brandeinsatz-uebung-des-pflichtbereichs-feldkirchen-4-768x432.jpg 768w, https:\/\/ff-muehldorf.at\/wordpress\/wp-content\/uploads\/2025\/03\/28\/2025-03-28_brandeinsatz-uebung-des-pflichtbereichs-feldkirchen-4-600x338.jpg 600w, https:\/\/ff-muehldorf.at\/wordpress\/wp-content\/uploads\/2025\/03\/28\/2025-03-28_brandeinsatz-uebung-des-pflichtbereichs-feldkirchen-4-480x270.jpg 480w, https:\/\/ff-muehldorf.at\/wordpress\/wp-content\/uploads\/2025\/03\/28\/2025-03-28_brandeinsatz-uebung-des-pflichtbereichs-feldkirchen-4.jpg 1200w\" sizes=\"auto, (max-width: 240px) 100vw, 240px\" data-caption=\"\" class=\"light-dropshaddow\" itemprop=\"contentUrl\" alt=\"\"><meta itemprop=\"url\" content=\"https:\/\/ff-muehldorf.at\/wordpress\/wp-content\/uploads\/2025\/03\/28\/2025-03-28_brandeinsatz-uebung-des-pflichtbereichs-feldkirchen-4-240x135.jpg\"><meta itemprop=\"width\" content=\"240px\"><meta itemprop=\"height\" content=\"135px\"><\/div><\/div><\/a><\/div><\/div><div class=\"tcol-lg-2 tcol-md-2 tcol-sm-3 tcol-xs-4 tcol-ss-6 g_item\"><div class=\"grid_item kt_item_fade_in kad_gallery_fade_in gallery_item\"><a href=\"https:\/\/ff-muehldorf.at\/wordpress\/wp-content\/uploads\/2025\/03\/28\/2025-03-28_brandeinsatz-uebung-des-pflichtbereichs-feldkirchen-6.jpg\" data-rel=\"lightbox\" class=\"lightboxhover\"><div class=\"kt-intrinsic\" style=\"padding-bottom:75%;\"><div itemprop=\"image\" itemscope itemtype=\"https:\/\/schema.org\/ImageObject\"><img loading=\"lazy\" decoding=\"async\" width=\"240\" height=\"180\" src=\"https:\/\/ff-muehldorf.at\/wordpress\/wp-content\/uploads\/2025\/03\/28\/2025-03-28_brandeinsatz-uebung-des-pflichtbereichs-feldkirchen-6-240x180.jpg\" srcset=\"https:\/\/ff-muehldorf.at\/wordpress\/wp-content\/uploads\/2025\/03\/28\/2025-03-28_brandeinsatz-uebung-des-pflichtbereichs-feldkirchen-6-240x180.jpg 240w, https:\/\/ff-muehldorf.at\/wordpress\/wp-content\/uploads\/2025\/03\/28\/2025-03-28_brandeinsatz-uebung-des-pflichtbereichs-feldkirchen-6-300x225.jpg 300w, https:\/\/ff-muehldorf.at\/wordpress\/wp-content\/uploads\/2025\/03\/28\/2025-03-28_brandeinsatz-uebung-des-pflichtbereichs-feldkirchen-6-1024x768.jpg 1024w, https:\/\/ff-muehldorf.at\/wordpress\/wp-content\/uploads\/2025\/03\/28\/2025-03-28_brandeinsatz-uebung-des-pflichtbereichs-feldkirchen-6-768x576.jpg 768w, https:\/\/ff-muehldorf.at\/wordpress\/wp-content\/uploads\/2025\/03\/28\/2025-03-28_brandeinsatz-uebung-des-pflichtbereichs-feldkirchen-6-600x450.jpg 600w, https:\/\/ff-muehldorf.at\/wordpress\/wp-content\/uploads\/2025\/03\/28\/2025-03-28_brandeinsatz-uebung-des-pflichtbereichs-feldkirchen-6-480x360.jpg 480w, https:\/\/ff-muehldorf.at\/wordpress\/wp-content\/uploads\/2025\/03\/28\/2025-03-28_brandeinsatz-uebung-des-pflichtbereichs-feldkirchen-6.jpg 1200w\" sizes=\"auto, (max-width: 240px) 100vw, 240px\" data-caption=\"created by dji camera\" class=\"light-dropshaddow\" itemprop=\"contentUrl\" alt=\"\"><meta itemprop=\"url\" content=\"https:\/\/ff-muehldorf.at\/wordpress\/wp-content\/uploads\/2025\/03\/28\/2025-03-28_brandeinsatz-uebung-des-pflichtbereichs-feldkirchen-6-240x180.jpg\"><meta itemprop=\"width\" content=\"240px\"><meta itemprop=\"height\" content=\"180px\"><\/div><\/div><div class=\"caption kad_caption\"><div class=\"kad_caption_inner\">created by dji camera<\/div><\/div><\/a><\/div><\/div><div class=\"tcol-lg-2 tcol-md-2 tcol-sm-3 tcol-xs-4 tcol-ss-6 g_item\"><div class=\"grid_item kt_item_fade_in kad_gallery_fade_in gallery_item\"><a href=\"https:\/\/ff-muehldorf.at\/wordpress\/wp-content\/uploads\/2025\/03\/28\/2025-03-28_brandeinsatz-uebung-des-pflichtbereichs-feldkirchen-7.jpg\" data-rel=\"lightbox\" class=\"lightboxhover\"><div class=\"kt-intrinsic\" style=\"padding-bottom:56.25%;\"><div itemprop=\"image\" itemscope itemtype=\"https:\/\/schema.org\/ImageObject\"><img loading=\"lazy\" decoding=\"async\" width=\"240\" height=\"135\" src=\"https:\/\/ff-muehldorf.at\/wordpress\/wp-content\/uploads\/2025\/03\/28\/2025-03-28_brandeinsatz-uebung-des-pflichtbereichs-feldkirchen-7-240x135.jpg\" srcset=\"https:\/\/ff-muehldorf.at\/wordpress\/wp-content\/uploads\/2025\/03\/28\/2025-03-28_brandeinsatz-uebung-des-pflichtbereichs-feldkirchen-7-240x135.jpg 240w, https:\/\/ff-muehldorf.at\/wordpress\/wp-content\/uploads\/2025\/03\/28\/2025-03-28_brandeinsatz-uebung-des-pflichtbereichs-feldkirchen-7-300x169.jpg 300w, https:\/\/ff-muehldorf.at\/wordpress\/wp-content\/uploads\/2025\/03\/28\/2025-03-28_brandeinsatz-uebung-des-pflichtbereichs-feldkirchen-7-1024x576.jpg 1024w, https:\/\/ff-muehldorf.at\/wordpress\/wp-content\/uploads\/2025\/03\/28\/2025-03-28_brandeinsatz-uebung-des-pflichtbereichs-feldkirchen-7-768x432.jpg 768w, https:\/\/ff-muehldorf.at\/wordpress\/wp-content\/uploads\/2025\/03\/28\/2025-03-28_brandeinsatz-uebung-des-pflichtbereichs-feldkirchen-7-600x338.jpg 600w, https:\/\/ff-muehldorf.at\/wordpress\/wp-content\/uploads\/2025\/03\/28\/2025-03-28_brandeinsatz-uebung-des-pflichtbereichs-feldkirchen-7-480x270.jpg 480w, https:\/\/ff-muehldorf.at\/wordpress\/wp-content\/uploads\/2025\/03\/28\/2025-03-28_brandeinsatz-uebung-des-pflichtbereichs-feldkirchen-7.jpg 1200w\" sizes=\"auto, (max-width: 240px) 100vw, 240px\" data-caption=\"\" class=\"light-dropshaddow\" itemprop=\"contentUrl\" alt=\"\"><meta itemprop=\"url\" content=\"https:\/\/ff-muehldorf.at\/wordpress\/wp-content\/uploads\/2025\/03\/28\/2025-03-28_brandeinsatz-uebung-des-pflichtbereichs-feldkirchen-7-240x135.jpg\"><meta itemprop=\"width\" content=\"240px\"><meta itemprop=\"height\" content=\"135px\"><\/div><\/div><\/a><\/div><\/div><div class=\"tcol-lg-2 tcol-md-2 tcol-sm-3 tcol-xs-4 tcol-ss-6 g_item\"><div class=\"grid_item kt_item_fade_in kad_gallery_fade_in gallery_item\"><a href=\"https:\/\/ff-muehldorf.at\/wordpress\/wp-content\/uploads\/2025\/03\/28\/2025-03-28_brandeinsatz-uebung-des-pflichtbereichs-feldkirchen-22.jpg\" data-rel=\"lightbox\" class=\"lightboxhover\"><div class=\"kt-intrinsic\" style=\"padding-bottom:56.25%;\"><div itemprop=\"image\" itemscope itemtype=\"https:\/\/schema.org\/ImageObject\"><img loading=\"lazy\" decoding=\"async\" width=\"240\" height=\"135\" src=\"https:\/\/ff-muehldorf.at\/wordpress\/wp-content\/uploads\/2025\/03\/28\/2025-03-28_brandeinsatz-uebung-des-pflichtbereichs-feldkirchen-22-240x135.jpg\" srcset=\"https:\/\/ff-muehldorf.at\/wordpress\/wp-content\/uploads\/2025\/03\/28\/2025-03-28_brandeinsatz-uebung-des-pflichtbereichs-feldkirchen-22-240x135.jpg 240w, https:\/\/ff-muehldorf.at\/wordpress\/wp-content\/uploads\/2025\/03\/28\/2025-03-28_brandeinsatz-uebung-des-pflichtbereichs-feldkirchen-22-300x169.jpg 300w, https:\/\/ff-muehldorf.at\/wordpress\/wp-content\/uploads\/2025\/03\/28\/2025-03-28_brandeinsatz-uebung-des-pflichtbereichs-feldkirchen-22-1024x576.jpg 1024w, https:\/\/ff-muehldorf.at\/wordpress\/wp-content\/uploads\/2025\/03\/28\/2025-03-28_brandeinsatz-uebung-des-pflichtbereichs-feldkirchen-22-768x432.jpg 768w, https:\/\/ff-muehldorf.at\/wordpress\/wp-content\/uploads\/2025\/03\/28\/2025-03-28_brandeinsatz-uebung-des-pflichtbereichs-feldkirchen-22-600x338.jpg 600w, https:\/\/ff-muehldorf.at\/wordpress\/wp-content\/uploads\/2025\/03\/28\/2025-03-28_brandeinsatz-uebung-des-pflichtbereichs-feldkirchen-22-480x270.jpg 480w, https:\/\/ff-muehldorf.at\/wordpress\/wp-content\/uploads\/2025\/03\/28\/2025-03-28_brandeinsatz-uebung-des-pflichtbereichs-feldkirchen-22.jpg 1200w\" sizes=\"auto, (max-width: 240px) 100vw, 240px\" data-caption=\"\" class=\"light-dropshaddow\" itemprop=\"contentUrl\" alt=\"\"><meta itemprop=\"url\" content=\"https:\/\/ff-muehldorf.at\/wordpress\/wp-content\/uploads\/2025\/03\/28\/2025-03-28_brandeinsatz-uebung-des-pflichtbereichs-feldkirchen-22-240x135.jpg\"><meta itemprop=\"width\" content=\"240px\"><meta itemprop=\"height\" content=\"135px\"><\/div><\/div><\/a><\/div><\/div><div class=\"tcol-lg-2 tcol-md-2 tcol-sm-3 tcol-xs-4 tcol-ss-6 g_item\"><div class=\"grid_item kt_item_fade_in kad_gallery_fade_in gallery_item\"><a href=\"https:\/\/ff-muehldorf.at\/wordpress\/wp-content\/uploads\/2025\/03\/28\/2025-03-28_brandeinsatz-uebung-des-pflichtbereichs-feldkirchen-23.jpg\" data-rel=\"lightbox\" class=\"lightboxhover\"><div class=\"kt-intrinsic\" style=\"padding-bottom:56.25%;\"><div itemprop=\"image\" itemscope itemtype=\"https:\/\/schema.org\/ImageObject\"><img loading=\"lazy\" decoding=\"async\" width=\"240\" height=\"135\" src=\"https:\/\/ff-muehldorf.at\/wordpress\/wp-content\/uploads\/2025\/03\/28\/2025-03-28_brandeinsatz-uebung-des-pflichtbereichs-feldkirchen-23-240x135.jpg\" srcset=\"https:\/\/ff-muehldorf.at\/wordpress\/wp-content\/uploads\/2025\/03\/28\/2025-03-28_brandeinsatz-uebung-des-pflichtbereichs-feldkirchen-23-240x135.jpg 240w, https:\/\/ff-muehldorf.at\/wordpress\/wp-content\/uploads\/2025\/03\/28\/2025-03-28_brandeinsatz-uebung-des-pflichtbereichs-feldkirchen-23-300x169.jpg 300w, https:\/\/ff-muehldorf.at\/wordpress\/wp-content\/uploads\/2025\/03\/28\/2025-03-28_brandeinsatz-uebung-des-pflichtbereichs-feldkirchen-23-1024x576.jpg 1024w, https:\/\/ff-muehldorf.at\/wordpress\/wp-content\/uploads\/2025\/03\/28\/2025-03-28_brandeinsatz-uebung-des-pflichtbereichs-feldkirchen-23-768x432.jpg 768w, https:\/\/ff-muehldorf.at\/wordpress\/wp-content\/uploads\/2025\/03\/28\/2025-03-28_brandeinsatz-uebung-des-pflichtbereichs-feldkirchen-23-600x338.jpg 600w, https:\/\/ff-muehldorf.at\/wordpress\/wp-content\/uploads\/2025\/03\/28\/2025-03-28_brandeinsatz-uebung-des-pflichtbereichs-feldkirchen-23-480x270.jpg 480w, https:\/\/ff-muehldorf.at\/wordpress\/wp-content\/uploads\/2025\/03\/28\/2025-03-28_brandeinsatz-uebung-des-pflichtbereichs-feldkirchen-23.jpg 1200w\" sizes=\"auto, (max-width: 240px) 100vw, 240px\" data-caption=\"\" class=\"light-dropshaddow\" itemprop=\"contentUrl\" alt=\"\"><meta itemprop=\"url\" content=\"https:\/\/ff-muehldorf.at\/wordpress\/wp-content\/uploads\/2025\/03\/28\/2025-03-28_brandeinsatz-uebung-des-pflichtbereichs-feldkirchen-23-240x135.jpg\"><meta itemprop=\"width\" content=\"240px\"><meta itemprop=\"height\" content=\"135px\"><\/div><\/div><\/a><\/div><\/div><div class=\"tcol-lg-2 tcol-md-2 tcol-sm-3 tcol-xs-4 tcol-ss-6 g_item\"><div class=\"grid_item kt_item_fade_in kad_gallery_fade_in gallery_item\"><a href=\"https:\/\/ff-muehldorf.at\/wordpress\/wp-content\/uploads\/2025\/03\/28\/2025-03-28_brandeinsatz-uebung-des-pflichtbereichs-feldkirchen-9.jpg\" data-rel=\"lightbox\" class=\"lightboxhover\"><div class=\"kt-intrinsic\" style=\"padding-bottom:66.666666666667%;\"><div itemprop=\"image\" itemscope itemtype=\"https:\/\/schema.org\/ImageObject\"><img loading=\"lazy\" decoding=\"async\" width=\"240\" height=\"160\" src=\"https:\/\/ff-muehldorf.at\/wordpress\/wp-content\/uploads\/2025\/03\/28\/2025-03-28_brandeinsatz-uebung-des-pflichtbereichs-feldkirchen-9-240x160.jpg\" srcset=\"https:\/\/ff-muehldorf.at\/wordpress\/wp-content\/uploads\/2025\/03\/28\/2025-03-28_brandeinsatz-uebung-des-pflichtbereichs-feldkirchen-9-240x160.jpg 240w, https:\/\/ff-muehldorf.at\/wordpress\/wp-content\/uploads\/2025\/03\/28\/2025-03-28_brandeinsatz-uebung-des-pflichtbereichs-feldkirchen-9-300x200.jpg 300w, https:\/\/ff-muehldorf.at\/wordpress\/wp-content\/uploads\/2025\/03\/28\/2025-03-28_brandeinsatz-uebung-des-pflichtbereichs-feldkirchen-9-1024x683.jpg 1024w, https:\/\/ff-muehldorf.at\/wordpress\/wp-content\/uploads\/2025\/03\/28\/2025-03-28_brandeinsatz-uebung-des-pflichtbereichs-feldkirchen-9-768x512.jpg 768w, https:\/\/ff-muehldorf.at\/wordpress\/wp-content\/uploads\/2025\/03\/28\/2025-03-28_brandeinsatz-uebung-des-pflichtbereichs-feldkirchen-9-600x400.jpg 600w, https:\/\/ff-muehldorf.at\/wordpress\/wp-content\/uploads\/2025\/03\/28\/2025-03-28_brandeinsatz-uebung-des-pflichtbereichs-feldkirchen-9-480x320.jpg 480w, https:\/\/ff-muehldorf.at\/wordpress\/wp-content\/uploads\/2025\/03\/28\/2025-03-28_brandeinsatz-uebung-des-pflichtbereichs-feldkirchen-9.jpg 1200w\" sizes=\"auto, (max-width: 240px) 100vw, 240px\" data-caption=\"\" class=\"light-dropshaddow\" itemprop=\"contentUrl\" alt=\"\"><meta itemprop=\"url\" content=\"https:\/\/ff-muehldorf.at\/wordpress\/wp-content\/uploads\/2025\/03\/28\/2025-03-28_brandeinsatz-uebung-des-pflichtbereichs-feldkirchen-9-240x160.jpg\"><meta itemprop=\"width\" content=\"240px\"><meta itemprop=\"height\" content=\"160px\"><\/div><\/div><\/a><\/div><\/div><div class=\"tcol-lg-2 tcol-md-2 tcol-sm-3 tcol-xs-4 tcol-ss-6 g_item\"><div class=\"grid_item kt_item_fade_in kad_gallery_fade_in gallery_item\"><a href=\"https:\/\/ff-muehldorf.at\/wordpress\/wp-content\/uploads\/2025\/03\/28\/2025-03-28_brandeinsatz-uebung-des-pflichtbereichs-feldkirchen-18.jpg\" data-rel=\"lightbox\" class=\"lightboxhover\"><div class=\"kt-intrinsic\" style=\"padding-bottom:66.666666666667%;\"><div itemprop=\"image\" itemscope itemtype=\"https:\/\/schema.org\/ImageObject\"><img loading=\"lazy\" decoding=\"async\" width=\"240\" height=\"160\" src=\"https:\/\/ff-muehldorf.at\/wordpress\/wp-content\/uploads\/2025\/03\/28\/2025-03-28_brandeinsatz-uebung-des-pflichtbereichs-feldkirchen-18-240x160.jpg\" srcset=\"https:\/\/ff-muehldorf.at\/wordpress\/wp-content\/uploads\/2025\/03\/28\/2025-03-28_brandeinsatz-uebung-des-pflichtbereichs-feldkirchen-18-240x160.jpg 240w, https:\/\/ff-muehldorf.at\/wordpress\/wp-content\/uploads\/2025\/03\/28\/2025-03-28_brandeinsatz-uebung-des-pflichtbereichs-feldkirchen-18-300x200.jpg 300w, https:\/\/ff-muehldorf.at\/wordpress\/wp-content\/uploads\/2025\/03\/28\/2025-03-28_brandeinsatz-uebung-des-pflichtbereichs-feldkirchen-18-1024x683.jpg 1024w, https:\/\/ff-muehldorf.at\/wordpress\/wp-content\/uploads\/2025\/03\/28\/2025-03-28_brandeinsatz-uebung-des-pflichtbereichs-feldkirchen-18-768x512.jpg 768w, https:\/\/ff-muehldorf.at\/wordpress\/wp-content\/uploads\/2025\/03\/28\/2025-03-28_brandeinsatz-uebung-des-pflichtbereichs-feldkirchen-18-600x400.jpg 600w, https:\/\/ff-muehldorf.at\/wordpress\/wp-content\/uploads\/2025\/03\/28\/2025-03-28_brandeinsatz-uebung-des-pflichtbereichs-feldkirchen-18-480x320.jpg 480w, https:\/\/ff-muehldorf.at\/wordpress\/wp-content\/uploads\/2025\/03\/28\/2025-03-28_brandeinsatz-uebung-des-pflichtbereichs-feldkirchen-18.jpg 1200w\" sizes=\"auto, (max-width: 240px) 100vw, 240px\" data-caption=\"\" class=\"light-dropshaddow\" itemprop=\"contentUrl\" alt=\"\"><meta itemprop=\"url\" content=\"https:\/\/ff-muehldorf.at\/wordpress\/wp-content\/uploads\/2025\/03\/28\/2025-03-28_brandeinsatz-uebung-des-pflichtbereichs-feldkirchen-18-240x160.jpg\"><meta itemprop=\"width\" content=\"240px\"><meta itemprop=\"height\" content=\"160px\"><\/div><\/div><\/a><\/div><\/div><div class=\"tcol-lg-2 tcol-md-2 tcol-sm-3 tcol-xs-4 tcol-ss-6 g_item\"><div class=\"grid_item kt_item_fade_in kad_gallery_fade_in gallery_item\"><a href=\"https:\/\/ff-muehldorf.at\/wordpress\/wp-content\/uploads\/2025\/03\/28\/2025-03-28_brandeinsatz-uebung-des-pflichtbereichs-feldkirchen-15.jpg\" data-rel=\"lightbox\" class=\"lightboxhover\"><div class=\"kt-intrinsic\" style=\"padding-bottom:66.666666666667%;\"><div itemprop=\"image\" itemscope itemtype=\"https:\/\/schema.org\/ImageObject\"><img loading=\"lazy\" decoding=\"async\" width=\"240\" height=\"160\" src=\"https:\/\/ff-muehldorf.at\/wordpress\/wp-content\/uploads\/2025\/03\/28\/2025-03-28_brandeinsatz-uebung-des-pflichtbereichs-feldkirchen-15-240x160.jpg\" srcset=\"https:\/\/ff-muehldorf.at\/wordpress\/wp-content\/uploads\/2025\/03\/28\/2025-03-28_brandeinsatz-uebung-des-pflichtbereichs-feldkirchen-15-240x160.jpg 240w, https:\/\/ff-muehldorf.at\/wordpress\/wp-content\/uploads\/2025\/03\/28\/2025-03-28_brandeinsatz-uebung-des-pflichtbereichs-feldkirchen-15-300x200.jpg 300w, https:\/\/ff-muehldorf.at\/wordpress\/wp-content\/uploads\/2025\/03\/28\/2025-03-28_brandeinsatz-uebung-des-pflichtbereichs-feldkirchen-15-1024x683.jpg 1024w, https:\/\/ff-muehldorf.at\/wordpress\/wp-content\/uploads\/2025\/03\/28\/2025-03-28_brandeinsatz-uebung-des-pflichtbereichs-feldkirchen-15-768x512.jpg 768w, https:\/\/ff-muehldorf.at\/wordpress\/wp-content\/uploads\/2025\/03\/28\/2025-03-28_brandeinsatz-uebung-des-pflichtbereichs-feldkirchen-15-600x400.jpg 600w, https:\/\/ff-muehldorf.at\/wordpress\/wp-content\/uploads\/2025\/03\/28\/2025-03-28_brandeinsatz-uebung-des-pflichtbereichs-feldkirchen-15-480x320.jpg 480w, https:\/\/ff-muehldorf.at\/wordpress\/wp-content\/uploads\/2025\/03\/28\/2025-03-28_brandeinsatz-uebung-des-pflichtbereichs-feldkirchen-15.jpg 1200w\" sizes=\"auto, (max-width: 240px) 100vw, 240px\" data-caption=\"\" class=\"light-dropshaddow\" itemprop=\"contentUrl\" alt=\"\"><meta itemprop=\"url\" content=\"https:\/\/ff-muehldorf.at\/wordpress\/wp-content\/uploads\/2025\/03\/28\/2025-03-28_brandeinsatz-uebung-des-pflichtbereichs-feldkirchen-15-240x160.jpg\"><meta itemprop=\"width\" content=\"240px\"><meta itemprop=\"height\" content=\"160px\"><\/div><\/div><\/a><\/div><\/div><div class=\"tcol-lg-2 tcol-md-2 tcol-sm-3 tcol-xs-4 tcol-ss-6 g_item\"><div class=\"grid_item kt_item_fade_in kad_gallery_fade_in gallery_item\"><a href=\"https:\/\/ff-muehldorf.at\/wordpress\/wp-content\/uploads\/2025\/03\/28\/2025-03-28_brandeinsatz-uebung-des-pflichtbereichs-feldkirchen-14.jpg\" data-rel=\"lightbox\" class=\"lightboxhover\"><div class=\"kt-intrinsic\" style=\"padding-bottom:66.666666666667%;\"><div itemprop=\"image\" itemscope itemtype=\"https:\/\/schema.org\/ImageObject\"><img loading=\"lazy\" decoding=\"async\" width=\"240\" height=\"160\" src=\"https:\/\/ff-muehldorf.at\/wordpress\/wp-content\/uploads\/2025\/03\/28\/2025-03-28_brandeinsatz-uebung-des-pflichtbereichs-feldkirchen-14-240x160.jpg\" srcset=\"https:\/\/ff-muehldorf.at\/wordpress\/wp-content\/uploads\/2025\/03\/28\/2025-03-28_brandeinsatz-uebung-des-pflichtbereichs-feldkirchen-14-240x160.jpg 240w, https:\/\/ff-muehldorf.at\/wordpress\/wp-content\/uploads\/2025\/03\/28\/2025-03-28_brandeinsatz-uebung-des-pflichtbereichs-feldkirchen-14-300x200.jpg 300w, https:\/\/ff-muehldorf.at\/wordpress\/wp-content\/uploads\/2025\/03\/28\/2025-03-28_brandeinsatz-uebung-des-pflichtbereichs-feldkirchen-14-1024x683.jpg 1024w, https:\/\/ff-muehldorf.at\/wordpress\/wp-content\/uploads\/2025\/03\/28\/2025-03-28_brandeinsatz-uebung-des-pflichtbereichs-feldkirchen-14-768x512.jpg 768w, https:\/\/ff-muehldorf.at\/wordpress\/wp-content\/uploads\/2025\/03\/28\/2025-03-28_brandeinsatz-uebung-des-pflichtbereichs-feldkirchen-14-600x400.jpg 600w, https:\/\/ff-muehldorf.at\/wordpress\/wp-content\/uploads\/2025\/03\/28\/2025-03-28_brandeinsatz-uebung-des-pflichtbereichs-feldkirchen-14-480x320.jpg 480w, https:\/\/ff-muehldorf.at\/wordpress\/wp-content\/uploads\/2025\/03\/28\/2025-03-28_brandeinsatz-uebung-des-pflichtbereichs-feldkirchen-14.jpg 1200w\" sizes=\"auto, (max-width: 240px) 100vw, 240px\" data-caption=\"\" class=\"light-dropshaddow\" itemprop=\"contentUrl\" alt=\"\"><meta itemprop=\"url\" content=\"https:\/\/ff-muehldorf.at\/wordpress\/wp-content\/uploads\/2025\/03\/28\/2025-03-28_brandeinsatz-uebung-des-pflichtbereichs-feldkirchen-14-240x160.jpg\"><meta itemprop=\"width\" content=\"240px\"><meta itemprop=\"height\" content=\"160px\"><\/div><\/div><\/a><\/div><\/div><div class=\"tcol-lg-2 tcol-md-2 tcol-sm-3 tcol-xs-4 tcol-ss-6 g_item\"><div class=\"grid_item kt_item_fade_in kad_gallery_fade_in gallery_item\"><a href=\"https:\/\/ff-muehldorf.at\/wordpress\/wp-content\/uploads\/2025\/03\/28\/2025-03-28_brandeinsatz-uebung-des-pflichtbereichs-feldkirchen-17.jpg\" data-rel=\"lightbox\" class=\"lightboxhover\"><div class=\"kt-intrinsic\" style=\"padding-bottom:75.416666666667%;\"><div itemprop=\"image\" itemscope itemtype=\"https:\/\/schema.org\/ImageObject\"><img loading=\"lazy\" decoding=\"async\" width=\"240\" height=\"181\" src=\"https:\/\/ff-muehldorf.at\/wordpress\/wp-content\/uploads\/2025\/03\/28\/2025-03-28_brandeinsatz-uebung-des-pflichtbereichs-feldkirchen-17-240x181.jpg\" srcset=\"https:\/\/ff-muehldorf.at\/wordpress\/wp-content\/uploads\/2025\/03\/28\/2025-03-28_brandeinsatz-uebung-des-pflichtbereichs-feldkirchen-17-240x181.jpg 240w, https:\/\/ff-muehldorf.at\/wordpress\/wp-content\/uploads\/2025\/03\/28\/2025-03-28_brandeinsatz-uebung-des-pflichtbereichs-feldkirchen-17-300x226.jpg 300w, https:\/\/ff-muehldorf.at\/wordpress\/wp-content\/uploads\/2025\/03\/28\/2025-03-28_brandeinsatz-uebung-des-pflichtbereichs-feldkirchen-17-1024x771.jpg 1024w, https:\/\/ff-muehldorf.at\/wordpress\/wp-content\/uploads\/2025\/03\/28\/2025-03-28_brandeinsatz-uebung-des-pflichtbereichs-feldkirchen-17-768x578.jpg 768w, https:\/\/ff-muehldorf.at\/wordpress\/wp-content\/uploads\/2025\/03\/28\/2025-03-28_brandeinsatz-uebung-des-pflichtbereichs-feldkirchen-17-600x452.jpg 600w, https:\/\/ff-muehldorf.at\/wordpress\/wp-content\/uploads\/2025\/03\/28\/2025-03-28_brandeinsatz-uebung-des-pflichtbereichs-feldkirchen-17-480x362.jpg 480w, https:\/\/ff-muehldorf.at\/wordpress\/wp-content\/uploads\/2025\/03\/28\/2025-03-28_brandeinsatz-uebung-des-pflichtbereichs-feldkirchen-17.jpg 1200w\" sizes=\"auto, (max-width: 240px) 100vw, 240px\" data-caption=\"\" class=\"light-dropshaddow\" itemprop=\"contentUrl\" alt=\"\"><meta itemprop=\"url\" content=\"https:\/\/ff-muehldorf.at\/wordpress\/wp-content\/uploads\/2025\/03\/28\/2025-03-28_brandeinsatz-uebung-des-pflichtbereichs-feldkirchen-17-240x181.jpg\"><meta itemprop=\"width\" content=\"240px\"><meta itemprop=\"height\" content=\"181px\"><\/div><\/div><\/a><\/div><\/div><div class=\"tcol-lg-2 tcol-md-2 tcol-sm-3 tcol-xs-4 tcol-ss-6 g_item\"><div class=\"grid_item kt_item_fade_in kad_gallery_fade_in gallery_item\"><a href=\"https:\/\/ff-muehldorf.at\/wordpress\/wp-content\/uploads\/2025\/03\/28\/2025-03-28_brandeinsatz-uebung-des-pflichtbereichs-feldkirchen-12.jpg\" data-rel=\"lightbox\" class=\"lightboxhover\"><div class=\"kt-intrinsic\" style=\"padding-bottom:66.666666666667%;\"><div itemprop=\"image\" itemscope itemtype=\"https:\/\/schema.org\/ImageObject\"><img loading=\"lazy\" decoding=\"async\" width=\"240\" height=\"160\" src=\"https:\/\/ff-muehldorf.at\/wordpress\/wp-content\/uploads\/2025\/03\/28\/2025-03-28_brandeinsatz-uebung-des-pflichtbereichs-feldkirchen-12-240x160.jpg\" srcset=\"https:\/\/ff-muehldorf.at\/wordpress\/wp-content\/uploads\/2025\/03\/28\/2025-03-28_brandeinsatz-uebung-des-pflichtbereichs-feldkirchen-12-240x160.jpg 240w, https:\/\/ff-muehldorf.at\/wordpress\/wp-content\/uploads\/2025\/03\/28\/2025-03-28_brandeinsatz-uebung-des-pflichtbereichs-feldkirchen-12-300x200.jpg 300w, https:\/\/ff-muehldorf.at\/wordpress\/wp-content\/uploads\/2025\/03\/28\/2025-03-28_brandeinsatz-uebung-des-pflichtbereichs-feldkirchen-12-1024x684.jpg 1024w, https:\/\/ff-muehldorf.at\/wordpress\/wp-content\/uploads\/2025\/03\/28\/2025-03-28_brandeinsatz-uebung-des-pflichtbereichs-feldkirchen-12-768x513.jpg 768w, https:\/\/ff-muehldorf.at\/wordpress\/wp-content\/uploads\/2025\/03\/28\/2025-03-28_brandeinsatz-uebung-des-pflichtbereichs-feldkirchen-12-600x401.jpg 600w, https:\/\/ff-muehldorf.at\/wordpress\/wp-content\/uploads\/2025\/03\/28\/2025-03-28_brandeinsatz-uebung-des-pflichtbereichs-feldkirchen-12-480x320.jpg 480w, https:\/\/ff-muehldorf.at\/wordpress\/wp-content\/uploads\/2025\/03\/28\/2025-03-28_brandeinsatz-uebung-des-pflichtbereichs-feldkirchen-12.jpg 1200w\" sizes=\"auto, (max-width: 240px) 100vw, 240px\" data-caption=\"\" class=\"light-dropshaddow\" itemprop=\"contentUrl\" alt=\"\"><meta itemprop=\"url\" content=\"https:\/\/ff-muehldorf.at\/wordpress\/wp-content\/uploads\/2025\/03\/28\/2025-03-28_brandeinsatz-uebung-des-pflichtbereichs-feldkirchen-12-240x160.jpg\"><meta itemprop=\"width\" content=\"240px\"><meta itemprop=\"height\" content=\"160px\"><\/div><\/div><\/a><\/div><\/div><div class=\"tcol-lg-2 tcol-md-2 tcol-sm-3 tcol-xs-4 tcol-ss-6 g_item\"><div class=\"grid_item kt_item_fade_in kad_gallery_fade_in gallery_item\"><a href=\"https:\/\/ff-muehldorf.at\/wordpress\/wp-content\/uploads\/2025\/03\/28\/2025-03-28_brandeinsatz-uebung-des-pflichtbereichs-feldkirchen-16.jpg\" data-rel=\"lightbox\" class=\"lightboxhover\"><div class=\"kt-intrinsic\" style=\"padding-bottom:75%;\"><div itemprop=\"image\" itemscope itemtype=\"https:\/\/schema.org\/ImageObject\"><img loading=\"lazy\" decoding=\"async\" width=\"240\" height=\"180\" src=\"https:\/\/ff-muehldorf.at\/wordpress\/wp-content\/uploads\/2025\/03\/28\/2025-03-28_brandeinsatz-uebung-des-pflichtbereichs-feldkirchen-16-240x180.jpg\" srcset=\"https:\/\/ff-muehldorf.at\/wordpress\/wp-content\/uploads\/2025\/03\/28\/2025-03-28_brandeinsatz-uebung-des-pflichtbereichs-feldkirchen-16-240x180.jpg 240w, https:\/\/ff-muehldorf.at\/wordpress\/wp-content\/uploads\/2025\/03\/28\/2025-03-28_brandeinsatz-uebung-des-pflichtbereichs-feldkirchen-16-300x225.jpg 300w, https:\/\/ff-muehldorf.at\/wordpress\/wp-content\/uploads\/2025\/03\/28\/2025-03-28_brandeinsatz-uebung-des-pflichtbereichs-feldkirchen-16-1024x767.jpg 1024w, https:\/\/ff-muehldorf.at\/wordpress\/wp-content\/uploads\/2025\/03\/28\/2025-03-28_brandeinsatz-uebung-des-pflichtbereichs-feldkirchen-16-768x575.jpg 768w, https:\/\/ff-muehldorf.at\/wordpress\/wp-content\/uploads\/2025\/03\/28\/2025-03-28_brandeinsatz-uebung-des-pflichtbereichs-feldkirchen-16-600x450.jpg 600w, https:\/\/ff-muehldorf.at\/wordpress\/wp-content\/uploads\/2025\/03\/28\/2025-03-28_brandeinsatz-uebung-des-pflichtbereichs-feldkirchen-16-480x360.jpg 480w, https:\/\/ff-muehldorf.at\/wordpress\/wp-content\/uploads\/2025\/03\/28\/2025-03-28_brandeinsatz-uebung-des-pflichtbereichs-feldkirchen-16.jpg 1200w\" sizes=\"auto, (max-width: 240px) 100vw, 240px\" data-caption=\"\" class=\"light-dropshaddow\" itemprop=\"contentUrl\" alt=\"\"><meta itemprop=\"url\" content=\"https:\/\/ff-muehldorf.at\/wordpress\/wp-content\/uploads\/2025\/03\/28\/2025-03-28_brandeinsatz-uebung-des-pflichtbereichs-feldkirchen-16-240x180.jpg\"><meta itemprop=\"width\" content=\"240px\"><meta itemprop=\"height\" content=\"180px\"><\/div><\/div><\/a><\/div><\/div><div class=\"tcol-lg-2 tcol-md-2 tcol-sm-3 tcol-xs-4 tcol-ss-6 g_item\"><div class=\"grid_item kt_item_fade_in kad_gallery_fade_in gallery_item\"><a href=\"https:\/\/ff-muehldorf.at\/wordpress\/wp-content\/uploads\/2025\/03\/28\/2025-03-28_brandeinsatz-uebung-des-pflichtbereichs-feldkirchen-21.jpg\" data-rel=\"lightbox\" class=\"lightboxhover\"><div class=\"kt-intrinsic\" style=\"padding-bottom:75%;\"><div itemprop=\"image\" itemscope itemtype=\"https:\/\/schema.org\/ImageObject\"><img loading=\"lazy\" decoding=\"async\" width=\"240\" height=\"180\" src=\"https:\/\/ff-muehldorf.at\/wordpress\/wp-content\/uploads\/2025\/03\/28\/2025-03-28_brandeinsatz-uebung-des-pflichtbereichs-feldkirchen-21-240x180.jpg\" srcset=\"https:\/\/ff-muehldorf.at\/wordpress\/wp-content\/uploads\/2025\/03\/28\/2025-03-28_brandeinsatz-uebung-des-pflichtbereichs-feldkirchen-21-240x180.jpg 240w, https:\/\/ff-muehldorf.at\/wordpress\/wp-content\/uploads\/2025\/03\/28\/2025-03-28_brandeinsatz-uebung-des-pflichtbereichs-feldkirchen-21-300x225.jpg 300w, https:\/\/ff-muehldorf.at\/wordpress\/wp-content\/uploads\/2025\/03\/28\/2025-03-28_brandeinsatz-uebung-des-pflichtbereichs-feldkirchen-21-1024x768.jpg 1024w, https:\/\/ff-muehldorf.at\/wordpress\/wp-content\/uploads\/2025\/03\/28\/2025-03-28_brandeinsatz-uebung-des-pflichtbereichs-feldkirchen-21-768x576.jpg 768w, https:\/\/ff-muehldorf.at\/wordpress\/wp-content\/uploads\/2025\/03\/28\/2025-03-28_brandeinsatz-uebung-des-pflichtbereichs-feldkirchen-21-600x450.jpg 600w, https:\/\/ff-muehldorf.at\/wordpress\/wp-content\/uploads\/2025\/03\/28\/2025-03-28_brandeinsatz-uebung-des-pflichtbereichs-feldkirchen-21-480x360.jpg 480w, https:\/\/ff-muehldorf.at\/wordpress\/wp-content\/uploads\/2025\/03\/28\/2025-03-28_brandeinsatz-uebung-des-pflichtbereichs-feldkirchen-21.jpg 1200w\" sizes=\"auto, (max-width: 240px) 100vw, 240px\" data-caption=\"created by dji camera\" class=\"light-dropshaddow\" itemprop=\"contentUrl\" alt=\"\"><meta itemprop=\"url\" content=\"https:\/\/ff-muehldorf.at\/wordpress\/wp-content\/uploads\/2025\/03\/28\/2025-03-28_brandeinsatz-uebung-des-pflichtbereichs-feldkirchen-21-240x180.jpg\"><meta itemprop=\"width\" content=\"240px\"><meta itemprop=\"height\" content=\"180px\"><\/div><\/div><div class=\"caption kad_caption\"><div class=\"kad_caption_inner\">created by dji camera<\/div><\/div><\/a><\/div><\/div><div class=\"tcol-lg-2 tcol-md-2 tcol-sm-3 tcol-xs-4 tcol-ss-6 g_item\"><div class=\"grid_item kt_item_fade_in kad_gallery_fade_in gallery_item\"><a href=\"https:\/\/ff-muehldorf.at\/wordpress\/wp-content\/uploads\/2025\/03\/28\/2025-03-28_brandeinsatz-uebung-des-pflichtbereichs-feldkirchen-8.jpg\" data-rel=\"lightbox\" class=\"lightboxhover\"><div class=\"kt-intrinsic\" style=\"padding-bottom:66.666666666667%;\"><div itemprop=\"image\" itemscope itemtype=\"https:\/\/schema.org\/ImageObject\"><img loading=\"lazy\" decoding=\"async\" width=\"240\" height=\"160\" src=\"https:\/\/ff-muehldorf.at\/wordpress\/wp-content\/uploads\/2025\/03\/28\/2025-03-28_brandeinsatz-uebung-des-pflichtbereichs-feldkirchen-8-240x160.jpg\" srcset=\"https:\/\/ff-muehldorf.at\/wordpress\/wp-content\/uploads\/2025\/03\/28\/2025-03-28_brandeinsatz-uebung-des-pflichtbereichs-feldkirchen-8-240x160.jpg 240w, https:\/\/ff-muehldorf.at\/wordpress\/wp-content\/uploads\/2025\/03\/28\/2025-03-28_brandeinsatz-uebung-des-pflichtbereichs-feldkirchen-8-300x200.jpg 300w, https:\/\/ff-muehldorf.at\/wordpress\/wp-content\/uploads\/2025\/03\/28\/2025-03-28_brandeinsatz-uebung-des-pflichtbereichs-feldkirchen-8-1024x683.jpg 1024w, https:\/\/ff-muehldorf.at\/wordpress\/wp-content\/uploads\/2025\/03\/28\/2025-03-28_brandeinsatz-uebung-des-pflichtbereichs-feldkirchen-8-768x512.jpg 768w, https:\/\/ff-muehldorf.at\/wordpress\/wp-content\/uploads\/2025\/03\/28\/2025-03-28_brandeinsatz-uebung-des-pflichtbereichs-feldkirchen-8-600x400.jpg 600w, https:\/\/ff-muehldorf.at\/wordpress\/wp-content\/uploads\/2025\/03\/28\/2025-03-28_brandeinsatz-uebung-des-pflichtbereichs-feldkirchen-8-480x320.jpg 480w, https:\/\/ff-muehldorf.at\/wordpress\/wp-content\/uploads\/2025\/03\/28\/2025-03-28_brandeinsatz-uebung-des-pflichtbereichs-feldkirchen-8.jpg 1200w\" sizes=\"auto, (max-width: 240px) 100vw, 240px\" data-caption=\"\" class=\"light-dropshaddow\" itemprop=\"contentUrl\" alt=\"\"><meta itemprop=\"url\" content=\"https:\/\/ff-muehldorf.at\/wordpress\/wp-content\/uploads\/2025\/03\/28\/2025-03-28_brandeinsatz-uebung-des-pflichtbereichs-feldkirchen-8-240x160.jpg\"><meta itemprop=\"width\" content=\"240px\"><meta itemprop=\"height\" content=\"160px\"><\/div><\/div><\/a><\/div><\/div><div class=\"tcol-lg-2 tcol-md-2 tcol-sm-3 tcol-xs-4 tcol-ss-6 g_item\"><div class=\"grid_item kt_item_fade_in kad_gallery_fade_in gallery_item\"><a href=\"https:\/\/ff-muehldorf.at\/wordpress\/wp-content\/uploads\/2025\/03\/28\/2025-03-28_brandeinsatz-uebung-des-pflichtbereichs-feldkirchen-11.jpg\" data-rel=\"lightbox\" class=\"lightboxhover\"><div class=\"kt-intrinsic\" style=\"padding-bottom:133.33333333333%;\"><div itemprop=\"image\" itemscope itemtype=\"https:\/\/schema.org\/ImageObject\"><img loading=\"lazy\" decoding=\"async\" width=\"240\" height=\"320\" src=\"https:\/\/ff-muehldorf.at\/wordpress\/wp-content\/uploads\/2025\/03\/28\/2025-03-28_brandeinsatz-uebung-des-pflichtbereichs-feldkirchen-11-240x320.jpg\" srcset=\"https:\/\/ff-muehldorf.at\/wordpress\/wp-content\/uploads\/2025\/03\/28\/2025-03-28_brandeinsatz-uebung-des-pflichtbereichs-feldkirchen-11-240x320.jpg 240w, https:\/\/ff-muehldorf.at\/wordpress\/wp-content\/uploads\/2025\/03\/28\/2025-03-28_brandeinsatz-uebung-des-pflichtbereichs-feldkirchen-11-225x300.jpg 225w, https:\/\/ff-muehldorf.at\/wordpress\/wp-content\/uploads\/2025\/03\/28\/2025-03-28_brandeinsatz-uebung-des-pflichtbereichs-feldkirchen-11-768x1024.jpg 768w, https:\/\/ff-muehldorf.at\/wordpress\/wp-content\/uploads\/2025\/03\/28\/2025-03-28_brandeinsatz-uebung-des-pflichtbereichs-feldkirchen-11-600x800.jpg 600w, https:\/\/ff-muehldorf.at\/wordpress\/wp-content\/uploads\/2025\/03\/28\/2025-03-28_brandeinsatz-uebung-des-pflichtbereichs-feldkirchen-11-480x640.jpg 480w, https:\/\/ff-muehldorf.at\/wordpress\/wp-content\/uploads\/2025\/03\/28\/2025-03-28_brandeinsatz-uebung-des-pflichtbereichs-feldkirchen-11.jpg 900w\" sizes=\"auto, (max-width: 240px) 100vw, 240px\" data-caption=\"\" class=\"light-dropshaddow\" itemprop=\"contentUrl\" alt=\"\"><meta itemprop=\"url\" content=\"https:\/\/ff-muehldorf.at\/wordpress\/wp-content\/uploads\/2025\/03\/28\/2025-03-28_brandeinsatz-uebung-des-pflichtbereichs-feldkirchen-11-240x320.jpg\"><meta itemprop=\"width\" content=\"240px\"><meta itemprop=\"height\" content=\"320px\"><\/div><\/div><\/a><\/div><\/div><\/div>\n<p><em>Quellverweis: FF-M\u00fchldorf &amp; BFK-UU (Prokesch Philipp)<\/em><\/p>\n<p>&nbsp;<\/p>\n","protected":false},"excerpt":{"rendered":"<p>Am Freitag, den 28.03.2025 wurde die Pflichtbereichs\u00fcbung der Gemeinde Feldkirchen in Oberwallsee abgehalten. Die \u00dcbung wurde in diesem Jahr von der FF-Bad M\u00fchllacken organisiert und durchgef\u00fchrt. Neben den 5 Feuerwehren des Pflichtbereichs nahm auch die FF-Goldw\u00f6rth an dieser \u00dcbung teil.\u00a0Die &hellip; <a class=\"kt-excerpt-readmore\" href=\"https:\/\/ff-muehldorf.at\/wordpress\/2025\/03\/28\/brandeinsatzuebung-des-pflichtbereichs-feldkirchen\/\" aria-label=\"Brandeinsatz\u00fcbung des Pflichtbereichs-Feldkirchen\">weiter&#8230;<\/a><\/p>\n","protected":false},"author":7,"featured_media":11702,"comment_status":"closed","ping_status":"closed","sticky":false,"template":"","format":"standard","meta":{"footnotes":""},"categories":[2,69,13,4],"tags":[1053,173,47,87,128,166,215,484,353,119,589,1005,89],"class_list":["post-11699","post","type-post","status-publish","format-standard","has-post-thumbnail","hentry","category-aktivitaeten","category-atemschutz","category-brandschutz","category-uebungen","tag-einsatzleitung","tag-feldkirchen","tag-ff-bad-muehllacken","tag-ff-feldkirchen","tag-ff-goldwoerth","tag-ff-lacken","tag-ff-landshaag","tag-ff-muehldorf","tag-gemeindeuebung","tag-personenrettung","tag-pflichtbereichsuebung","tag-relaisleitung","tag-schwerer-atemschutz"],"_links":{"self":[{"href":"https:\/\/ff-muehldorf.at\/wordpress\/wp-json\/wp\/v2\/posts\/11699","targetHints":{"allow":["GET"]}}],"collection":[{"href":"https:\/\/ff-muehldorf.at\/wordpress\/wp-json\/wp\/v2\/posts"}],"about":[{"href":"https:\/\/ff-muehldorf.at\/wordpress\/wp-json\/wp\/v2\/types\/post"}],"author":[{"embeddable":true,"href":"https:\/\/ff-muehldorf.at\/wordpress\/wp-json\/wp\/v2\/users\/7"}],"replies":[{"embeddable":true,"href":"https:\/\/ff-muehldorf.at\/wordpress\/wp-json\/wp\/v2\/comments?post=11699"}],"version-history":[{"count":7,"href":"https:\/\/ff-muehldorf.at\/wordpress\/wp-json\/wp\/v2\/posts\/11699\/revisions"}],"predecessor-version":[{"id":11730,"href":"https:\/\/ff-muehldorf.at\/wordpress\/wp-json\/wp\/v2\/posts\/11699\/revisions\/11730"}],"wp:featuredmedia":[{"embeddable":true,"href":"https:\/\/ff-muehldorf.at\/wordpress\/wp-json\/wp\/v2\/media\/11702"}],"wp:attachment":[{"href":"https:\/\/ff-muehldorf.at\/wordpress\/wp-json\/wp\/v2\/media?parent=11699"}],"wp:term":[{"taxonomy":"category","embeddable":true,"href":"https:\/\/ff-muehldorf.at\/wordpress\/wp-json\/wp\/v2\/categories?post=11699"},{"taxonomy":"post_tag","embeddable":true,"href":"https:\/\/ff-muehldorf.at\/wordpress\/wp-json\/wp\/v2\/tags?post=11699"}],"curies":[{"name":"wp","href":"https:\/\/api.w.org\/{rel}","templated":true}]}}