{"id":12942,"date":"2026-04-22T20:00:35","date_gmt":"2026-04-22T18:00:35","guid":{"rendered":"https:\/\/ff-muehldorf.at\/wordpress\/?p=12942"},"modified":"2026-04-26T21:06:49","modified_gmt":"2026-04-26T19:06:49","slug":"gemeinsame-brandeinsatzuebung-mit-der-ff-goldwoerth","status":"publish","type":"post","link":"https:\/\/ff-muehldorf.at\/wordpress\/2026\/04\/22\/gemeinsame-brandeinsatzuebung-mit-der-ff-goldwoerth\/","title":{"rendered":"Gemeinsame Brandeinsatz\u00fcbung mit der FF-Goldw\u00f6rth"},"content":{"rendered":"<p>Am Mittwoch den 22.04.2026 wurde gemeinsam mit der FF-Goldw\u00f6rth eine Brand-Einsatz\u00fcbung in Vogging abgehalten. Die fiktive Alarmierung erfolgte \u00fcber den Feuerwehrfunk. Mit der Alarmmeldung \u201eBrand Landwirtschaftliches Objekt \u2013 Personen vermisst\u201c fuhren die FF-Goldw\u00f6rth und M\u00fchldorf zum \u00dcbungsobjekt aus. Das KRF-M\u00fchldorf stellte den ersten Atemschutztrupp, der nach der Erkundung durch den Einsatzleiter eine vermisste Person in einer verrauchten Garage suchen musste. Die Kameraden der FF-Goldw\u00f6rth errichteten die erste L\u00f6schwasserversorgung vom Tankl\u00f6schfahrzeug und entsendete einen zweiten Atemschutztrupp in den Heuboden des Anwesens. Die Besatzung des KLF-M\u00fchldorf errichtete zwischenzeitlich eine Zubringerleitung von einem nahegelegenen L\u00f6schbrunnen, bei dem auch erstmals das neu errichtete Saugrohr getestet werden konnte.<\/p>\n<p>Die Rettung der verletzten \u00dcbungsdarsteller gestaltete sich schwierig, da die beiden Atemschutztrupps in den verrauchen R\u00e4umen auch mehrere Gefahrenquellen vorgefunden haben, die vorab beseitigt werden mussten. Der Trupp M\u00fchldorf konnte eine Person eingeklemmt in der stark verrauchten Garage auffinden. Die Befreiung bzw. Rettung erfolgte mittels Hebekissen. Der zweite Trupp der FF-Goldw\u00f6rth konnte eine weitere Person auffinden und sie \u00fcber eine schmale Holzstiege ins Freie bringen. Anschlie\u00dfen wurden sie der Rettung \u00fcbergeben und die simulierten L\u00f6schangriffe von Innen und Au\u00dfen gestartet.<\/p>\n<p><em>Wir danken der FF-Goldw\u00f6rth f\u00fcr die professionelle Zusammenarbeit und die konstruktiven Verbesserungsvorschl\u00e4ge in der \u00dcbungs-Nachbesprechung.<\/em><\/p>\n<p>&nbsp;<\/p>\n<p><strong>Fotos:<\/strong><\/p>\n<div id=\"kad-wp-gallery843\" class=\"kad-wp-gallery gallery kt-gallery-column-6 init-isotope-intrinsic reinit-isotope kad-light-wp-gallery clearfix rowtight\" data-fade-in=\"1\" data-iso-selector=\".g_item\" data-iso-style=\"masonry\" data-iso-filter=\"false\"><div class=\"tcol-lg-2 tcol-md-2 tcol-sm-3 tcol-xs-4 tcol-ss-6 g_item\"><div class=\"grid_item kt_item_fade_in kad_gallery_fade_in gallery_item\"><a href=\"https:\/\/ff-muehldorf.at\/wordpress\/wp-content\/uploads\/2026\/04\/22\/2026-04-22_gemeinsame-brandeinsatzuebung-mit-der-ff-goldwoerth-10.jpg\" data-rel=\"lightbox\" class=\"lightboxhover\"><div class=\"kt-intrinsic\" style=\"padding-bottom:132.91666666667%;\"><div itemprop=\"image\" itemscope itemtype=\"https:\/\/schema.org\/ImageObject\"><img loading=\"lazy\" decoding=\"async\" width=\"240\" height=\"319\" src=\"https:\/\/ff-muehldorf.at\/wordpress\/wp-content\/uploads\/2026\/04\/22\/2026-04-22_gemeinsame-brandeinsatzuebung-mit-der-ff-goldwoerth-10-240x319.jpg\" srcset=\"https:\/\/ff-muehldorf.at\/wordpress\/wp-content\/uploads\/2026\/04\/22\/2026-04-22_gemeinsame-brandeinsatzuebung-mit-der-ff-goldwoerth-10-240x319.jpg 240w, https:\/\/ff-muehldorf.at\/wordpress\/wp-content\/uploads\/2026\/04\/22\/2026-04-22_gemeinsame-brandeinsatzuebung-mit-der-ff-goldwoerth-10-226x300.jpg 226w, https:\/\/ff-muehldorf.at\/wordpress\/wp-content\/uploads\/2026\/04\/22\/2026-04-22_gemeinsame-brandeinsatzuebung-mit-der-ff-goldwoerth-10-771x1024.jpg 771w, https:\/\/ff-muehldorf.at\/wordpress\/wp-content\/uploads\/2026\/04\/22\/2026-04-22_gemeinsame-brandeinsatzuebung-mit-der-ff-goldwoerth-10-768x1021.jpg 768w, https:\/\/ff-muehldorf.at\/wordpress\/wp-content\/uploads\/2026\/04\/22\/2026-04-22_gemeinsame-brandeinsatzuebung-mit-der-ff-goldwoerth-10-600x797.jpg 600w, https:\/\/ff-muehldorf.at\/wordpress\/wp-content\/uploads\/2026\/04\/22\/2026-04-22_gemeinsame-brandeinsatzuebung-mit-der-ff-goldwoerth-10-480x638.jpg 480w, https:\/\/ff-muehldorf.at\/wordpress\/wp-content\/uploads\/2026\/04\/22\/2026-04-22_gemeinsame-brandeinsatzuebung-mit-der-ff-goldwoerth-10.jpg 903w\" sizes=\"auto, (max-width: 240px) 100vw, 240px\" data-caption=\"\" class=\"light-dropshaddow\" itemprop=\"contentUrl\" alt=\"\"><meta itemprop=\"url\" content=\"https:\/\/ff-muehldorf.at\/wordpress\/wp-content\/uploads\/2026\/04\/22\/2026-04-22_gemeinsame-brandeinsatzuebung-mit-der-ff-goldwoerth-10-240x319.jpg\"><meta itemprop=\"width\" content=\"240px\"><meta itemprop=\"height\" content=\"319px\"><\/div><\/div><\/a><\/div><\/div><div class=\"tcol-lg-2 tcol-md-2 tcol-sm-3 tcol-xs-4 tcol-ss-6 g_item\"><div class=\"grid_item kt_item_fade_in kad_gallery_fade_in gallery_item\"><a href=\"https:\/\/ff-muehldorf.at\/wordpress\/wp-content\/uploads\/2026\/04\/22\/2026-04-22_gemeinsame-brandeinsatzuebung-mit-der-ff-goldwoerth-7.jpg\" data-rel=\"lightbox\" class=\"lightboxhover\"><div class=\"kt-intrinsic\" style=\"padding-bottom:75.416666666667%;\"><div itemprop=\"image\" itemscope itemtype=\"https:\/\/schema.org\/ImageObject\"><img loading=\"lazy\" decoding=\"async\" width=\"240\" height=\"181\" src=\"https:\/\/ff-muehldorf.at\/wordpress\/wp-content\/uploads\/2026\/04\/22\/2026-04-22_gemeinsame-brandeinsatzuebung-mit-der-ff-goldwoerth-7-240x181.jpg\" srcset=\"https:\/\/ff-muehldorf.at\/wordpress\/wp-content\/uploads\/2026\/04\/22\/2026-04-22_gemeinsame-brandeinsatzuebung-mit-der-ff-goldwoerth-7-240x181.jpg 240w, https:\/\/ff-muehldorf.at\/wordpress\/wp-content\/uploads\/2026\/04\/22\/2026-04-22_gemeinsame-brandeinsatzuebung-mit-der-ff-goldwoerth-7-300x226.jpg 300w, https:\/\/ff-muehldorf.at\/wordpress\/wp-content\/uploads\/2026\/04\/22\/2026-04-22_gemeinsame-brandeinsatzuebung-mit-der-ff-goldwoerth-7-1024x771.jpg 1024w, https:\/\/ff-muehldorf.at\/wordpress\/wp-content\/uploads\/2026\/04\/22\/2026-04-22_gemeinsame-brandeinsatzuebung-mit-der-ff-goldwoerth-7-768x578.jpg 768w, https:\/\/ff-muehldorf.at\/wordpress\/wp-content\/uploads\/2026\/04\/22\/2026-04-22_gemeinsame-brandeinsatzuebung-mit-der-ff-goldwoerth-7-600x452.jpg 600w, https:\/\/ff-muehldorf.at\/wordpress\/wp-content\/uploads\/2026\/04\/22\/2026-04-22_gemeinsame-brandeinsatzuebung-mit-der-ff-goldwoerth-7-480x362.jpg 480w, https:\/\/ff-muehldorf.at\/wordpress\/wp-content\/uploads\/2026\/04\/22\/2026-04-22_gemeinsame-brandeinsatzuebung-mit-der-ff-goldwoerth-7.jpg 1200w\" sizes=\"auto, (max-width: 240px) 100vw, 240px\" data-caption=\"\" class=\"light-dropshaddow\" itemprop=\"contentUrl\" alt=\"\"><meta itemprop=\"url\" content=\"https:\/\/ff-muehldorf.at\/wordpress\/wp-content\/uploads\/2026\/04\/22\/2026-04-22_gemeinsame-brandeinsatzuebung-mit-der-ff-goldwoerth-7-240x181.jpg\"><meta itemprop=\"width\" content=\"240px\"><meta itemprop=\"height\" content=\"181px\"><\/div><\/div><\/a><\/div><\/div><div class=\"tcol-lg-2 tcol-md-2 tcol-sm-3 tcol-xs-4 tcol-ss-6 g_item\"><div class=\"grid_item kt_item_fade_in kad_gallery_fade_in gallery_item\"><a href=\"https:\/\/ff-muehldorf.at\/wordpress\/wp-content\/uploads\/2026\/04\/22\/2026-04-22_gemeinsame-brandeinsatzuebung-mit-der-ff-goldwoerth-1.jpg\" data-rel=\"lightbox\" class=\"lightboxhover\"><div class=\"kt-intrinsic\" style=\"padding-bottom:132.91666666667%;\"><div itemprop=\"image\" itemscope itemtype=\"https:\/\/schema.org\/ImageObject\"><img loading=\"lazy\" decoding=\"async\" width=\"240\" height=\"319\" src=\"https:\/\/ff-muehldorf.at\/wordpress\/wp-content\/uploads\/2026\/04\/22\/2026-04-22_gemeinsame-brandeinsatzuebung-mit-der-ff-goldwoerth-1-240x319.jpg\" srcset=\"https:\/\/ff-muehldorf.at\/wordpress\/wp-content\/uploads\/2026\/04\/22\/2026-04-22_gemeinsame-brandeinsatzuebung-mit-der-ff-goldwoerth-1-240x319.jpg 240w, https:\/\/ff-muehldorf.at\/wordpress\/wp-content\/uploads\/2026\/04\/22\/2026-04-22_gemeinsame-brandeinsatzuebung-mit-der-ff-goldwoerth-1-226x300.jpg 226w, https:\/\/ff-muehldorf.at\/wordpress\/wp-content\/uploads\/2026\/04\/22\/2026-04-22_gemeinsame-brandeinsatzuebung-mit-der-ff-goldwoerth-1-771x1024.jpg 771w, https:\/\/ff-muehldorf.at\/wordpress\/wp-content\/uploads\/2026\/04\/22\/2026-04-22_gemeinsame-brandeinsatzuebung-mit-der-ff-goldwoerth-1-768x1021.jpg 768w, https:\/\/ff-muehldorf.at\/wordpress\/wp-content\/uploads\/2026\/04\/22\/2026-04-22_gemeinsame-brandeinsatzuebung-mit-der-ff-goldwoerth-1-600x797.jpg 600w, https:\/\/ff-muehldorf.at\/wordpress\/wp-content\/uploads\/2026\/04\/22\/2026-04-22_gemeinsame-brandeinsatzuebung-mit-der-ff-goldwoerth-1-480x638.jpg 480w, https:\/\/ff-muehldorf.at\/wordpress\/wp-content\/uploads\/2026\/04\/22\/2026-04-22_gemeinsame-brandeinsatzuebung-mit-der-ff-goldwoerth-1.jpg 903w\" sizes=\"auto, (max-width: 240px) 100vw, 240px\" data-caption=\"\" class=\"light-dropshaddow\" itemprop=\"contentUrl\" alt=\"\"><meta itemprop=\"url\" content=\"https:\/\/ff-muehldorf.at\/wordpress\/wp-content\/uploads\/2026\/04\/22\/2026-04-22_gemeinsame-brandeinsatzuebung-mit-der-ff-goldwoerth-1-240x319.jpg\"><meta itemprop=\"width\" content=\"240px\"><meta itemprop=\"height\" content=\"319px\"><\/div><\/div><\/a><\/div><\/div><div class=\"tcol-lg-2 tcol-md-2 tcol-sm-3 tcol-xs-4 tcol-ss-6 g_item\"><div class=\"grid_item kt_item_fade_in kad_gallery_fade_in gallery_item\"><a href=\"https:\/\/ff-muehldorf.at\/wordpress\/wp-content\/uploads\/2026\/04\/22\/2026-04-22_gemeinsame-brandeinsatzuebung-mit-der-ff-goldwoerth-6.jpg\" data-rel=\"lightbox\" class=\"lightboxhover\"><div class=\"kt-intrinsic\" style=\"padding-bottom:132.91666666667%;\"><div itemprop=\"image\" itemscope itemtype=\"https:\/\/schema.org\/ImageObject\"><img loading=\"lazy\" decoding=\"async\" width=\"240\" height=\"319\" src=\"https:\/\/ff-muehldorf.at\/wordpress\/wp-content\/uploads\/2026\/04\/22\/2026-04-22_gemeinsame-brandeinsatzuebung-mit-der-ff-goldwoerth-6-240x319.jpg\" srcset=\"https:\/\/ff-muehldorf.at\/wordpress\/wp-content\/uploads\/2026\/04\/22\/2026-04-22_gemeinsame-brandeinsatzuebung-mit-der-ff-goldwoerth-6-240x319.jpg 240w, https:\/\/ff-muehldorf.at\/wordpress\/wp-content\/uploads\/2026\/04\/22\/2026-04-22_gemeinsame-brandeinsatzuebung-mit-der-ff-goldwoerth-6-226x300.jpg 226w, https:\/\/ff-muehldorf.at\/wordpress\/wp-content\/uploads\/2026\/04\/22\/2026-04-22_gemeinsame-brandeinsatzuebung-mit-der-ff-goldwoerth-6-771x1024.jpg 771w, https:\/\/ff-muehldorf.at\/wordpress\/wp-content\/uploads\/2026\/04\/22\/2026-04-22_gemeinsame-brandeinsatzuebung-mit-der-ff-goldwoerth-6-768x1021.jpg 768w, https:\/\/ff-muehldorf.at\/wordpress\/wp-content\/uploads\/2026\/04\/22\/2026-04-22_gemeinsame-brandeinsatzuebung-mit-der-ff-goldwoerth-6-600x797.jpg 600w, https:\/\/ff-muehldorf.at\/wordpress\/wp-content\/uploads\/2026\/04\/22\/2026-04-22_gemeinsame-brandeinsatzuebung-mit-der-ff-goldwoerth-6-480x638.jpg 480w, https:\/\/ff-muehldorf.at\/wordpress\/wp-content\/uploads\/2026\/04\/22\/2026-04-22_gemeinsame-brandeinsatzuebung-mit-der-ff-goldwoerth-6.jpg 903w\" sizes=\"auto, (max-width: 240px) 100vw, 240px\" data-caption=\"\" class=\"light-dropshaddow\" itemprop=\"contentUrl\" alt=\"\"><meta itemprop=\"url\" content=\"https:\/\/ff-muehldorf.at\/wordpress\/wp-content\/uploads\/2026\/04\/22\/2026-04-22_gemeinsame-brandeinsatzuebung-mit-der-ff-goldwoerth-6-240x319.jpg\"><meta itemprop=\"width\" content=\"240px\"><meta itemprop=\"height\" content=\"319px\"><\/div><\/div><\/a><\/div><\/div><div class=\"tcol-lg-2 tcol-md-2 tcol-sm-3 tcol-xs-4 tcol-ss-6 g_item\"><div class=\"grid_item kt_item_fade_in kad_gallery_fade_in gallery_item\"><a href=\"https:\/\/ff-muehldorf.at\/wordpress\/wp-content\/uploads\/2026\/04\/22\/2026-04-22_gemeinsame-brandeinsatzuebung-mit-der-ff-goldwoerth-3.jpg\" data-rel=\"lightbox\" class=\"lightboxhover\"><div class=\"kt-intrinsic\" style=\"padding-bottom:132.91666666667%;\"><div itemprop=\"image\" itemscope itemtype=\"https:\/\/schema.org\/ImageObject\"><img loading=\"lazy\" decoding=\"async\" width=\"240\" height=\"319\" src=\"https:\/\/ff-muehldorf.at\/wordpress\/wp-content\/uploads\/2026\/04\/22\/2026-04-22_gemeinsame-brandeinsatzuebung-mit-der-ff-goldwoerth-3-240x319.jpg\" srcset=\"https:\/\/ff-muehldorf.at\/wordpress\/wp-content\/uploads\/2026\/04\/22\/2026-04-22_gemeinsame-brandeinsatzuebung-mit-der-ff-goldwoerth-3-240x319.jpg 240w, https:\/\/ff-muehldorf.at\/wordpress\/wp-content\/uploads\/2026\/04\/22\/2026-04-22_gemeinsame-brandeinsatzuebung-mit-der-ff-goldwoerth-3-226x300.jpg 226w, https:\/\/ff-muehldorf.at\/wordpress\/wp-content\/uploads\/2026\/04\/22\/2026-04-22_gemeinsame-brandeinsatzuebung-mit-der-ff-goldwoerth-3-771x1024.jpg 771w, https:\/\/ff-muehldorf.at\/wordpress\/wp-content\/uploads\/2026\/04\/22\/2026-04-22_gemeinsame-brandeinsatzuebung-mit-der-ff-goldwoerth-3-768x1021.jpg 768w, https:\/\/ff-muehldorf.at\/wordpress\/wp-content\/uploads\/2026\/04\/22\/2026-04-22_gemeinsame-brandeinsatzuebung-mit-der-ff-goldwoerth-3-600x797.jpg 600w, https:\/\/ff-muehldorf.at\/wordpress\/wp-content\/uploads\/2026\/04\/22\/2026-04-22_gemeinsame-brandeinsatzuebung-mit-der-ff-goldwoerth-3-480x638.jpg 480w, https:\/\/ff-muehldorf.at\/wordpress\/wp-content\/uploads\/2026\/04\/22\/2026-04-22_gemeinsame-brandeinsatzuebung-mit-der-ff-goldwoerth-3.jpg 903w\" sizes=\"auto, (max-width: 240px) 100vw, 240px\" data-caption=\"\" class=\"light-dropshaddow\" itemprop=\"contentUrl\" alt=\"\"><meta itemprop=\"url\" content=\"https:\/\/ff-muehldorf.at\/wordpress\/wp-content\/uploads\/2026\/04\/22\/2026-04-22_gemeinsame-brandeinsatzuebung-mit-der-ff-goldwoerth-3-240x319.jpg\"><meta itemprop=\"width\" content=\"240px\"><meta itemprop=\"height\" content=\"319px\"><\/div><\/div><\/a><\/div><\/div><div class=\"tcol-lg-2 tcol-md-2 tcol-sm-3 tcol-xs-4 tcol-ss-6 g_item\"><div class=\"grid_item kt_item_fade_in kad_gallery_fade_in gallery_item\"><a href=\"https:\/\/ff-muehldorf.at\/wordpress\/wp-content\/uploads\/2026\/04\/22\/2026-04-22_gemeinsame-brandeinsatzuebung-mit-der-ff-goldwoerth.jpg\" data-rel=\"lightbox\" class=\"lightboxhover\"><div class=\"kt-intrinsic\" style=\"padding-bottom:75.416666666667%;\"><div itemprop=\"image\" itemscope itemtype=\"https:\/\/schema.org\/ImageObject\"><img loading=\"lazy\" decoding=\"async\" width=\"240\" height=\"181\" src=\"https:\/\/ff-muehldorf.at\/wordpress\/wp-content\/uploads\/2026\/04\/22\/2026-04-22_gemeinsame-brandeinsatzuebung-mit-der-ff-goldwoerth-240x181.jpg\" srcset=\"https:\/\/ff-muehldorf.at\/wordpress\/wp-content\/uploads\/2026\/04\/22\/2026-04-22_gemeinsame-brandeinsatzuebung-mit-der-ff-goldwoerth-240x181.jpg 240w, https:\/\/ff-muehldorf.at\/wordpress\/wp-content\/uploads\/2026\/04\/22\/2026-04-22_gemeinsame-brandeinsatzuebung-mit-der-ff-goldwoerth-300x226.jpg 300w, https:\/\/ff-muehldorf.at\/wordpress\/wp-content\/uploads\/2026\/04\/22\/2026-04-22_gemeinsame-brandeinsatzuebung-mit-der-ff-goldwoerth-1024x771.jpg 1024w, https:\/\/ff-muehldorf.at\/wordpress\/wp-content\/uploads\/2026\/04\/22\/2026-04-22_gemeinsame-brandeinsatzuebung-mit-der-ff-goldwoerth-768x578.jpg 768w, https:\/\/ff-muehldorf.at\/wordpress\/wp-content\/uploads\/2026\/04\/22\/2026-04-22_gemeinsame-brandeinsatzuebung-mit-der-ff-goldwoerth-600x452.jpg 600w, https:\/\/ff-muehldorf.at\/wordpress\/wp-content\/uploads\/2026\/04\/22\/2026-04-22_gemeinsame-brandeinsatzuebung-mit-der-ff-goldwoerth-480x362.jpg 480w, https:\/\/ff-muehldorf.at\/wordpress\/wp-content\/uploads\/2026\/04\/22\/2026-04-22_gemeinsame-brandeinsatzuebung-mit-der-ff-goldwoerth.jpg 1200w\" sizes=\"auto, (max-width: 240px) 100vw, 240px\" data-caption=\"\" class=\"light-dropshaddow\" itemprop=\"contentUrl\" alt=\"\"><meta itemprop=\"url\" content=\"https:\/\/ff-muehldorf.at\/wordpress\/wp-content\/uploads\/2026\/04\/22\/2026-04-22_gemeinsame-brandeinsatzuebung-mit-der-ff-goldwoerth-240x181.jpg\"><meta itemprop=\"width\" content=\"240px\"><meta itemprop=\"height\" content=\"181px\"><\/div><\/div><\/a><\/div><\/div><div class=\"tcol-lg-2 tcol-md-2 tcol-sm-3 tcol-xs-4 tcol-ss-6 g_item\"><div class=\"grid_item kt_item_fade_in kad_gallery_fade_in gallery_item\"><a href=\"https:\/\/ff-muehldorf.at\/wordpress\/wp-content\/uploads\/2026\/04\/22\/2026-04-22_gemeinsame-brandeinsatzuebung-mit-der-ff-goldwoerth-8.jpg\" data-rel=\"lightbox\" class=\"lightboxhover\"><div class=\"kt-intrinsic\" style=\"padding-bottom:132.91666666667%;\"><div itemprop=\"image\" itemscope itemtype=\"https:\/\/schema.org\/ImageObject\"><img loading=\"lazy\" decoding=\"async\" width=\"240\" height=\"319\" src=\"https:\/\/ff-muehldorf.at\/wordpress\/wp-content\/uploads\/2026\/04\/22\/2026-04-22_gemeinsame-brandeinsatzuebung-mit-der-ff-goldwoerth-8-240x319.jpg\" srcset=\"https:\/\/ff-muehldorf.at\/wordpress\/wp-content\/uploads\/2026\/04\/22\/2026-04-22_gemeinsame-brandeinsatzuebung-mit-der-ff-goldwoerth-8-240x319.jpg 240w, https:\/\/ff-muehldorf.at\/wordpress\/wp-content\/uploads\/2026\/04\/22\/2026-04-22_gemeinsame-brandeinsatzuebung-mit-der-ff-goldwoerth-8-226x300.jpg 226w, https:\/\/ff-muehldorf.at\/wordpress\/wp-content\/uploads\/2026\/04\/22\/2026-04-22_gemeinsame-brandeinsatzuebung-mit-der-ff-goldwoerth-8-771x1024.jpg 771w, https:\/\/ff-muehldorf.at\/wordpress\/wp-content\/uploads\/2026\/04\/22\/2026-04-22_gemeinsame-brandeinsatzuebung-mit-der-ff-goldwoerth-8-768x1021.jpg 768w, https:\/\/ff-muehldorf.at\/wordpress\/wp-content\/uploads\/2026\/04\/22\/2026-04-22_gemeinsame-brandeinsatzuebung-mit-der-ff-goldwoerth-8-600x797.jpg 600w, https:\/\/ff-muehldorf.at\/wordpress\/wp-content\/uploads\/2026\/04\/22\/2026-04-22_gemeinsame-brandeinsatzuebung-mit-der-ff-goldwoerth-8-480x638.jpg 480w, https:\/\/ff-muehldorf.at\/wordpress\/wp-content\/uploads\/2026\/04\/22\/2026-04-22_gemeinsame-brandeinsatzuebung-mit-der-ff-goldwoerth-8.jpg 903w\" sizes=\"auto, (max-width: 240px) 100vw, 240px\" data-caption=\"\" class=\"light-dropshaddow\" itemprop=\"contentUrl\" alt=\"\"><meta itemprop=\"url\" content=\"https:\/\/ff-muehldorf.at\/wordpress\/wp-content\/uploads\/2026\/04\/22\/2026-04-22_gemeinsame-brandeinsatzuebung-mit-der-ff-goldwoerth-8-240x319.jpg\"><meta itemprop=\"width\" content=\"240px\"><meta itemprop=\"height\" content=\"319px\"><\/div><\/div><\/a><\/div><\/div><div class=\"tcol-lg-2 tcol-md-2 tcol-sm-3 tcol-xs-4 tcol-ss-6 g_item\"><div class=\"grid_item kt_item_fade_in kad_gallery_fade_in gallery_item\"><a href=\"https:\/\/ff-muehldorf.at\/wordpress\/wp-content\/uploads\/2026\/04\/22\/2026-04-22_gemeinsame-brandeinsatzuebung-mit-der-ff-goldwoerth-4.jpg\" data-rel=\"lightbox\" class=\"lightboxhover\"><div class=\"kt-intrinsic\" style=\"padding-bottom:132.91666666667%;\"><div itemprop=\"image\" itemscope itemtype=\"https:\/\/schema.org\/ImageObject\"><img loading=\"lazy\" decoding=\"async\" width=\"240\" height=\"319\" src=\"https:\/\/ff-muehldorf.at\/wordpress\/wp-content\/uploads\/2026\/04\/22\/2026-04-22_gemeinsame-brandeinsatzuebung-mit-der-ff-goldwoerth-4-240x319.jpg\" srcset=\"https:\/\/ff-muehldorf.at\/wordpress\/wp-content\/uploads\/2026\/04\/22\/2026-04-22_gemeinsame-brandeinsatzuebung-mit-der-ff-goldwoerth-4-240x319.jpg 240w, https:\/\/ff-muehldorf.at\/wordpress\/wp-content\/uploads\/2026\/04\/22\/2026-04-22_gemeinsame-brandeinsatzuebung-mit-der-ff-goldwoerth-4-226x300.jpg 226w, https:\/\/ff-muehldorf.at\/wordpress\/wp-content\/uploads\/2026\/04\/22\/2026-04-22_gemeinsame-brandeinsatzuebung-mit-der-ff-goldwoerth-4-771x1024.jpg 771w, https:\/\/ff-muehldorf.at\/wordpress\/wp-content\/uploads\/2026\/04\/22\/2026-04-22_gemeinsame-brandeinsatzuebung-mit-der-ff-goldwoerth-4-768x1021.jpg 768w, https:\/\/ff-muehldorf.at\/wordpress\/wp-content\/uploads\/2026\/04\/22\/2026-04-22_gemeinsame-brandeinsatzuebung-mit-der-ff-goldwoerth-4-600x797.jpg 600w, https:\/\/ff-muehldorf.at\/wordpress\/wp-content\/uploads\/2026\/04\/22\/2026-04-22_gemeinsame-brandeinsatzuebung-mit-der-ff-goldwoerth-4-480x638.jpg 480w, https:\/\/ff-muehldorf.at\/wordpress\/wp-content\/uploads\/2026\/04\/22\/2026-04-22_gemeinsame-brandeinsatzuebung-mit-der-ff-goldwoerth-4.jpg 903w\" sizes=\"auto, (max-width: 240px) 100vw, 240px\" data-caption=\"\" class=\"light-dropshaddow\" itemprop=\"contentUrl\" alt=\"\"><meta itemprop=\"url\" content=\"https:\/\/ff-muehldorf.at\/wordpress\/wp-content\/uploads\/2026\/04\/22\/2026-04-22_gemeinsame-brandeinsatzuebung-mit-der-ff-goldwoerth-4-240x319.jpg\"><meta itemprop=\"width\" content=\"240px\"><meta itemprop=\"height\" content=\"319px\"><\/div><\/div><\/a><\/div><\/div><div class=\"tcol-lg-2 tcol-md-2 tcol-sm-3 tcol-xs-4 tcol-ss-6 g_item\"><div class=\"grid_item kt_item_fade_in kad_gallery_fade_in gallery_item\"><a href=\"https:\/\/ff-muehldorf.at\/wordpress\/wp-content\/uploads\/2026\/04\/22\/2026-04-22_gemeinsame-brandeinsatzuebung-mit-der-ff-goldwoerth-9.jpg\" data-rel=\"lightbox\" class=\"lightboxhover\"><div class=\"kt-intrinsic\" style=\"padding-bottom:132.91666666667%;\"><div itemprop=\"image\" itemscope itemtype=\"https:\/\/schema.org\/ImageObject\"><img loading=\"lazy\" decoding=\"async\" width=\"240\" height=\"319\" src=\"https:\/\/ff-muehldorf.at\/wordpress\/wp-content\/uploads\/2026\/04\/22\/2026-04-22_gemeinsame-brandeinsatzuebung-mit-der-ff-goldwoerth-9-240x319.jpg\" srcset=\"https:\/\/ff-muehldorf.at\/wordpress\/wp-content\/uploads\/2026\/04\/22\/2026-04-22_gemeinsame-brandeinsatzuebung-mit-der-ff-goldwoerth-9-240x319.jpg 240w, https:\/\/ff-muehldorf.at\/wordpress\/wp-content\/uploads\/2026\/04\/22\/2026-04-22_gemeinsame-brandeinsatzuebung-mit-der-ff-goldwoerth-9-226x300.jpg 226w, https:\/\/ff-muehldorf.at\/wordpress\/wp-content\/uploads\/2026\/04\/22\/2026-04-22_gemeinsame-brandeinsatzuebung-mit-der-ff-goldwoerth-9-771x1024.jpg 771w, https:\/\/ff-muehldorf.at\/wordpress\/wp-content\/uploads\/2026\/04\/22\/2026-04-22_gemeinsame-brandeinsatzuebung-mit-der-ff-goldwoerth-9-768x1021.jpg 768w, https:\/\/ff-muehldorf.at\/wordpress\/wp-content\/uploads\/2026\/04\/22\/2026-04-22_gemeinsame-brandeinsatzuebung-mit-der-ff-goldwoerth-9-600x797.jpg 600w, https:\/\/ff-muehldorf.at\/wordpress\/wp-content\/uploads\/2026\/04\/22\/2026-04-22_gemeinsame-brandeinsatzuebung-mit-der-ff-goldwoerth-9-480x638.jpg 480w, https:\/\/ff-muehldorf.at\/wordpress\/wp-content\/uploads\/2026\/04\/22\/2026-04-22_gemeinsame-brandeinsatzuebung-mit-der-ff-goldwoerth-9.jpg 903w\" sizes=\"auto, (max-width: 240px) 100vw, 240px\" data-caption=\"\" class=\"light-dropshaddow\" itemprop=\"contentUrl\" alt=\"\"><meta itemprop=\"url\" content=\"https:\/\/ff-muehldorf.at\/wordpress\/wp-content\/uploads\/2026\/04\/22\/2026-04-22_gemeinsame-brandeinsatzuebung-mit-der-ff-goldwoerth-9-240x319.jpg\"><meta itemprop=\"width\" content=\"240px\"><meta itemprop=\"height\" content=\"319px\"><\/div><\/div><\/a><\/div><\/div><div class=\"tcol-lg-2 tcol-md-2 tcol-sm-3 tcol-xs-4 tcol-ss-6 g_item\"><div class=\"grid_item kt_item_fade_in kad_gallery_fade_in gallery_item\"><a href=\"https:\/\/ff-muehldorf.at\/wordpress\/wp-content\/uploads\/2026\/04\/22\/2026-04-22_gemeinsame-brandeinsatzuebung-mit-der-ff-goldwoerth-5.jpg\" data-rel=\"lightbox\" class=\"lightboxhover\"><div class=\"kt-intrinsic\" style=\"padding-bottom:132.91666666667%;\"><div itemprop=\"image\" itemscope itemtype=\"https:\/\/schema.org\/ImageObject\"><img loading=\"lazy\" decoding=\"async\" width=\"240\" height=\"319\" src=\"https:\/\/ff-muehldorf.at\/wordpress\/wp-content\/uploads\/2026\/04\/22\/2026-04-22_gemeinsame-brandeinsatzuebung-mit-der-ff-goldwoerth-5-240x319.jpg\" srcset=\"https:\/\/ff-muehldorf.at\/wordpress\/wp-content\/uploads\/2026\/04\/22\/2026-04-22_gemeinsame-brandeinsatzuebung-mit-der-ff-goldwoerth-5-240x319.jpg 240w, https:\/\/ff-muehldorf.at\/wordpress\/wp-content\/uploads\/2026\/04\/22\/2026-04-22_gemeinsame-brandeinsatzuebung-mit-der-ff-goldwoerth-5-226x300.jpg 226w, https:\/\/ff-muehldorf.at\/wordpress\/wp-content\/uploads\/2026\/04\/22\/2026-04-22_gemeinsame-brandeinsatzuebung-mit-der-ff-goldwoerth-5-771x1024.jpg 771w, https:\/\/ff-muehldorf.at\/wordpress\/wp-content\/uploads\/2026\/04\/22\/2026-04-22_gemeinsame-brandeinsatzuebung-mit-der-ff-goldwoerth-5-768x1021.jpg 768w, https:\/\/ff-muehldorf.at\/wordpress\/wp-content\/uploads\/2026\/04\/22\/2026-04-22_gemeinsame-brandeinsatzuebung-mit-der-ff-goldwoerth-5-600x797.jpg 600w, https:\/\/ff-muehldorf.at\/wordpress\/wp-content\/uploads\/2026\/04\/22\/2026-04-22_gemeinsame-brandeinsatzuebung-mit-der-ff-goldwoerth-5-480x638.jpg 480w, https:\/\/ff-muehldorf.at\/wordpress\/wp-content\/uploads\/2026\/04\/22\/2026-04-22_gemeinsame-brandeinsatzuebung-mit-der-ff-goldwoerth-5.jpg 903w\" sizes=\"auto, (max-width: 240px) 100vw, 240px\" data-caption=\"\" class=\"light-dropshaddow\" itemprop=\"contentUrl\" alt=\"\"><meta itemprop=\"url\" content=\"https:\/\/ff-muehldorf.at\/wordpress\/wp-content\/uploads\/2026\/04\/22\/2026-04-22_gemeinsame-brandeinsatzuebung-mit-der-ff-goldwoerth-5-240x319.jpg\"><meta itemprop=\"width\" content=\"240px\"><meta itemprop=\"height\" content=\"319px\"><\/div><\/div><\/a><\/div><\/div><div class=\"tcol-lg-2 tcol-md-2 tcol-sm-3 tcol-xs-4 tcol-ss-6 g_item\"><div class=\"grid_item kt_item_fade_in kad_gallery_fade_in gallery_item\"><a href=\"https:\/\/ff-muehldorf.at\/wordpress\/wp-content\/uploads\/2026\/04\/22\/2026-04-22_gemeinsame-brandeinsatzuebung-mit-der-ff-goldwoerth-2.jpg\" data-rel=\"lightbox\" class=\"lightboxhover\"><div class=\"kt-intrinsic\" style=\"padding-bottom:132.91666666667%;\"><div itemprop=\"image\" itemscope itemtype=\"https:\/\/schema.org\/ImageObject\"><img loading=\"lazy\" decoding=\"async\" width=\"240\" height=\"319\" src=\"https:\/\/ff-muehldorf.at\/wordpress\/wp-content\/uploads\/2026\/04\/22\/2026-04-22_gemeinsame-brandeinsatzuebung-mit-der-ff-goldwoerth-2-240x319.jpg\" srcset=\"https:\/\/ff-muehldorf.at\/wordpress\/wp-content\/uploads\/2026\/04\/22\/2026-04-22_gemeinsame-brandeinsatzuebung-mit-der-ff-goldwoerth-2-240x319.jpg 240w, https:\/\/ff-muehldorf.at\/wordpress\/wp-content\/uploads\/2026\/04\/22\/2026-04-22_gemeinsame-brandeinsatzuebung-mit-der-ff-goldwoerth-2-226x300.jpg 226w, https:\/\/ff-muehldorf.at\/wordpress\/wp-content\/uploads\/2026\/04\/22\/2026-04-22_gemeinsame-brandeinsatzuebung-mit-der-ff-goldwoerth-2-771x1024.jpg 771w, https:\/\/ff-muehldorf.at\/wordpress\/wp-content\/uploads\/2026\/04\/22\/2026-04-22_gemeinsame-brandeinsatzuebung-mit-der-ff-goldwoerth-2-768x1021.jpg 768w, https:\/\/ff-muehldorf.at\/wordpress\/wp-content\/uploads\/2026\/04\/22\/2026-04-22_gemeinsame-brandeinsatzuebung-mit-der-ff-goldwoerth-2-600x797.jpg 600w, https:\/\/ff-muehldorf.at\/wordpress\/wp-content\/uploads\/2026\/04\/22\/2026-04-22_gemeinsame-brandeinsatzuebung-mit-der-ff-goldwoerth-2-480x638.jpg 480w, https:\/\/ff-muehldorf.at\/wordpress\/wp-content\/uploads\/2026\/04\/22\/2026-04-22_gemeinsame-brandeinsatzuebung-mit-der-ff-goldwoerth-2.jpg 903w\" sizes=\"auto, (max-width: 240px) 100vw, 240px\" data-caption=\"\" class=\"light-dropshaddow\" itemprop=\"contentUrl\" alt=\"\"><meta itemprop=\"url\" content=\"https:\/\/ff-muehldorf.at\/wordpress\/wp-content\/uploads\/2026\/04\/22\/2026-04-22_gemeinsame-brandeinsatzuebung-mit-der-ff-goldwoerth-2-240x319.jpg\"><meta itemprop=\"width\" content=\"240px\"><meta itemprop=\"height\" content=\"319px\"><\/div><\/div><\/a><\/div><\/div><\/div>\n<p><em>Quellverweis: FF-M\u00fchldorf<\/em><\/p>\n","protected":false},"excerpt":{"rendered":"<p>Am Mittwoch den 22.04.2026 wurde gemeinsam mit der FF-Goldw\u00f6rth eine Brand-Einsatz\u00fcbung in Vogging abgehalten. Die fiktive Alarmierung erfolgte \u00fcber den Feuerwehrfunk. Mit der Alarmmeldung \u201eBrand Landwirtschaftliches Objekt \u2013 Personen vermisst\u201c fuhren die FF-Goldw\u00f6rth und M\u00fchldorf zum \u00dcbungsobjekt aus. Das KRF-M\u00fchldorf &hellip; <a class=\"kt-excerpt-readmore\" href=\"https:\/\/ff-muehldorf.at\/wordpress\/2026\/04\/22\/gemeinsame-brandeinsatzuebung-mit-der-ff-goldwoerth\/\" aria-label=\"Gemeinsame Brandeinsatz\u00fcbung mit der FF-Goldw\u00f6rth\">weiter&#8230;<\/a><\/p>\n","protected":false},"author":7,"featured_media":12955,"comment_status":"closed","ping_status":"closed","sticky":false,"template":"","format":"standard","meta":{"footnotes":""},"categories":[2,69,13,4],"tags":[983,515,128,227,1229,1055,63,1228,89,1227],"class_list":["post-12942","post","type-post","status-publish","format-standard","has-post-thumbnail","hentry","category-aktivitaeten","category-atemschutz","category-brandschutz","category-uebungen","tag-brandeinsatzuebung","tag-eingeklemmte-person","tag-ff-goldwoerth","tag-hebekissen","tag-loeschbrunnen","tag-loeschwasserversorgung","tag-menschenrettung","tag-saugrohr","tag-schwerer-atemschutz","tag-vogging"],"_links":{"self":[{"href":"https:\/\/ff-muehldorf.at\/wordpress\/wp-json\/wp\/v2\/posts\/12942","targetHints":{"allow":["GET"]}}],"collection":[{"href":"https:\/\/ff-muehldorf.at\/wordpress\/wp-json\/wp\/v2\/posts"}],"about":[{"href":"https:\/\/ff-muehldorf.at\/wordpress\/wp-json\/wp\/v2\/types\/post"}],"author":[{"embeddable":true,"href":"https:\/\/ff-muehldorf.at\/wordpress\/wp-json\/wp\/v2\/users\/7"}],"replies":[{"embeddable":true,"href":"https:\/\/ff-muehldorf.at\/wordpress\/wp-json\/wp\/v2\/comments?post=12942"}],"version-history":[{"count":2,"href":"https:\/\/ff-muehldorf.at\/wordpress\/wp-json\/wp\/v2\/posts\/12942\/revisions"}],"predecessor-version":[{"id":12956,"href":"https:\/\/ff-muehldorf.at\/wordpress\/wp-json\/wp\/v2\/posts\/12942\/revisions\/12956"}],"wp:featuredmedia":[{"embeddable":true,"href":"https:\/\/ff-muehldorf.at\/wordpress\/wp-json\/wp\/v2\/media\/12955"}],"wp:attachment":[{"href":"https:\/\/ff-muehldorf.at\/wordpress\/wp-json\/wp\/v2\/media?parent=12942"}],"wp:term":[{"taxonomy":"category","embeddable":true,"href":"https:\/\/ff-muehldorf.at\/wordpress\/wp-json\/wp\/v2\/categories?post=12942"},{"taxonomy":"post_tag","embeddable":true,"href":"https:\/\/ff-muehldorf.at\/wordpress\/wp-json\/wp\/v2\/tags?post=12942"}],"curies":[{"name":"wp","href":"https:\/\/api.w.org\/{rel}","templated":true}]}}