{"id":1736,"date":"2004-08-22T15:06:32","date_gmt":"2004-08-22T13:06:32","guid":{"rendered":"http:\/\/www.ff-muehldorf.at\/?p=1736"},"modified":"2015-09-04T22:22:59","modified_gmt":"2015-09-04T20:22:59","slug":"jugendlager-2004","status":"publish","type":"post","link":"https:\/\/ff-muehldorf.at\/wordpress\/2004\/08\/22\/jugendlager-2004\/","title":{"rendered":"Jugendlager 2004"},"content":{"rendered":"<p>Ebenfalls etwas versp\u00e4tet sind jetzt die Bilder vom Jugendlager bei der Furthm\u00fchle (Bez. Rohrbach) online. Dieses Jugendlager wurde gemeinsam mit der Jugendgruppe Bad M\u00fchllacken vom 27.-29. August 2004 durchgef\u00fchrt. Neben Spiel und Spass stand auch das gegenseitige Kennenlernen im Vordergrund. (Bilder: Pichler Martin)<\/p>\n<p><strong>Fotos:<\/strong><br \/>\n<div id=\"kad-wp-gallery838\" class=\"kad-wp-gallery gallery kt-gallery-column-6 init-isotope-intrinsic reinit-isotope kad-light-wp-gallery clearfix rowtight\" data-fade-in=\"1\" data-iso-selector=\".g_item\" data-iso-style=\"masonry\" data-iso-filter=\"false\"><div class=\"tcol-lg-2 tcol-md-2 tcol-sm-3 tcol-xs-4 tcol-ss-6 g_item\"><div class=\"grid_item kt_item_fade_in kad_gallery_fade_in gallery_item\"><a href=\"https:\/\/ff-muehldorf.at\/wordpress\/wp-content\/uploads\/2004\/08\/22\/2004-08-22_Jugendlager-2004_1.jpg\" data-rel=\"lightbox\" class=\"lightboxhover\"><div class=\"kt-intrinsic\" style=\"padding-bottom:75%;\"><div itemprop=\"image\" itemscope itemtype=\"https:\/\/schema.org\/ImageObject\"><img loading=\"lazy\" decoding=\"async\" width=\"240\" height=\"180\" src=\"https:\/\/ff-muehldorf.at\/wordpress\/wp-content\/uploads\/2004\/08\/22\/2004-08-22_Jugendlager-2004_1-240x180.jpg\" srcset=\"https:\/\/ff-muehldorf.at\/wordpress\/wp-content\/uploads\/2004\/08\/22\/2004-08-22_Jugendlager-2004_1-240x180.jpg 240w, https:\/\/ff-muehldorf.at\/wordpress\/wp-content\/uploads\/2004\/08\/22\/2004-08-22_Jugendlager-2004_1-300x225.jpg 300w, https:\/\/ff-muehldorf.at\/wordpress\/wp-content\/uploads\/2004\/08\/22\/2004-08-22_Jugendlager-2004_1-1024x768.jpg 1024w, https:\/\/ff-muehldorf.at\/wordpress\/wp-content\/uploads\/2004\/08\/22\/2004-08-22_Jugendlager-2004_1-480x360.jpg 480w, https:\/\/ff-muehldorf.at\/wordpress\/wp-content\/uploads\/2004\/08\/22\/2004-08-22_Jugendlager-2004_1.jpg 1200w\" sizes=\"auto, (max-width: 240px) 100vw, 240px\" data-caption=\"\" class=\"light-dropshaddow\" itemprop=\"contentUrl\" alt=\"\"><meta itemprop=\"url\" content=\"https:\/\/ff-muehldorf.at\/wordpress\/wp-content\/uploads\/2004\/08\/22\/2004-08-22_Jugendlager-2004_1-240x180.jpg\"><meta itemprop=\"width\" content=\"240px\"><meta itemprop=\"height\" content=\"180px\"><\/div><\/div><\/a><\/div><\/div><div class=\"tcol-lg-2 tcol-md-2 tcol-sm-3 tcol-xs-4 tcol-ss-6 g_item\"><div class=\"grid_item kt_item_fade_in kad_gallery_fade_in gallery_item\"><a href=\"https:\/\/ff-muehldorf.at\/wordpress\/wp-content\/uploads\/2004\/08\/22\/2004-08-22_Jugendlager-2004_2.jpg\" data-rel=\"lightbox\" class=\"lightboxhover\"><div class=\"kt-intrinsic\" style=\"padding-bottom:75%;\"><div itemprop=\"image\" itemscope itemtype=\"https:\/\/schema.org\/ImageObject\"><img loading=\"lazy\" decoding=\"async\" width=\"240\" height=\"180\" src=\"https:\/\/ff-muehldorf.at\/wordpress\/wp-content\/uploads\/2004\/08\/22\/2004-08-22_Jugendlager-2004_2-240x180.jpg\" srcset=\"https:\/\/ff-muehldorf.at\/wordpress\/wp-content\/uploads\/2004\/08\/22\/2004-08-22_Jugendlager-2004_2-240x180.jpg 240w, https:\/\/ff-muehldorf.at\/wordpress\/wp-content\/uploads\/2004\/08\/22\/2004-08-22_Jugendlager-2004_2-300x225.jpg 300w, https:\/\/ff-muehldorf.at\/wordpress\/wp-content\/uploads\/2004\/08\/22\/2004-08-22_Jugendlager-2004_2-1024x768.jpg 1024w, https:\/\/ff-muehldorf.at\/wordpress\/wp-content\/uploads\/2004\/08\/22\/2004-08-22_Jugendlager-2004_2-480x360.jpg 480w, https:\/\/ff-muehldorf.at\/wordpress\/wp-content\/uploads\/2004\/08\/22\/2004-08-22_Jugendlager-2004_2.jpg 1200w\" sizes=\"auto, (max-width: 240px) 100vw, 240px\" data-caption=\"\" class=\"light-dropshaddow\" itemprop=\"contentUrl\" alt=\"\"><meta itemprop=\"url\" content=\"https:\/\/ff-muehldorf.at\/wordpress\/wp-content\/uploads\/2004\/08\/22\/2004-08-22_Jugendlager-2004_2-240x180.jpg\"><meta itemprop=\"width\" content=\"240px\"><meta itemprop=\"height\" content=\"180px\"><\/div><\/div><\/a><\/div><\/div><div class=\"tcol-lg-2 tcol-md-2 tcol-sm-3 tcol-xs-4 tcol-ss-6 g_item\"><div class=\"grid_item kt_item_fade_in kad_gallery_fade_in gallery_item\"><a href=\"https:\/\/ff-muehldorf.at\/wordpress\/wp-content\/uploads\/2004\/08\/22\/2004-08-22_Jugendlager-2004_3.jpg\" data-rel=\"lightbox\" class=\"lightboxhover\"><div class=\"kt-intrinsic\" style=\"padding-bottom:75%;\"><div itemprop=\"image\" itemscope itemtype=\"https:\/\/schema.org\/ImageObject\"><img loading=\"lazy\" decoding=\"async\" width=\"240\" height=\"180\" src=\"https:\/\/ff-muehldorf.at\/wordpress\/wp-content\/uploads\/2004\/08\/22\/2004-08-22_Jugendlager-2004_3-240x180.jpg\" srcset=\"https:\/\/ff-muehldorf.at\/wordpress\/wp-content\/uploads\/2004\/08\/22\/2004-08-22_Jugendlager-2004_3-240x180.jpg 240w, https:\/\/ff-muehldorf.at\/wordpress\/wp-content\/uploads\/2004\/08\/22\/2004-08-22_Jugendlager-2004_3-300x225.jpg 300w, https:\/\/ff-muehldorf.at\/wordpress\/wp-content\/uploads\/2004\/08\/22\/2004-08-22_Jugendlager-2004_3-1024x768.jpg 1024w, https:\/\/ff-muehldorf.at\/wordpress\/wp-content\/uploads\/2004\/08\/22\/2004-08-22_Jugendlager-2004_3-480x360.jpg 480w, https:\/\/ff-muehldorf.at\/wordpress\/wp-content\/uploads\/2004\/08\/22\/2004-08-22_Jugendlager-2004_3.jpg 1200w\" sizes=\"auto, (max-width: 240px) 100vw, 240px\" data-caption=\"\" class=\"light-dropshaddow\" itemprop=\"contentUrl\" alt=\"\"><meta itemprop=\"url\" content=\"https:\/\/ff-muehldorf.at\/wordpress\/wp-content\/uploads\/2004\/08\/22\/2004-08-22_Jugendlager-2004_3-240x180.jpg\"><meta itemprop=\"width\" content=\"240px\"><meta itemprop=\"height\" content=\"180px\"><\/div><\/div><\/a><\/div><\/div><\/div>\n","protected":false},"excerpt":{"rendered":"<p>Ebenfalls etwas versp\u00e4tet sind jetzt die Bilder vom Jugendlager bei der Furthm\u00fchle (Bez. Rohrbach) online. Dieses Jugendlager wurde gemeinsam mit der Jugendgruppe Bad M\u00fchllacken vom 27.-29. August 2004 durchgef\u00fchrt. Neben Spiel und Spass stand auch das gegenseitige Kennenlernen im Vordergrund. &hellip; <a class=\"kt-excerpt-readmore\" href=\"https:\/\/ff-muehldorf.at\/wordpress\/2004\/08\/22\/jugendlager-2004\/\" aria-label=\"Jugendlager 2004\">weiter&#8230;<\/a><\/p>\n","protected":false},"author":7,"featured_media":1738,"comment_status":"closed","ping_status":"closed","sticky":false,"template":"","format":"standard","meta":{"footnotes":""},"categories":[2,68,73],"tags":[47,347,348,30,346],"class_list":["post-1736","post","type-post","status-publish","format-standard","has-post-thumbnail","hentry","category-aktivitaeten","category-ausfluege","category-jugendgruppe","tag-ff-bad-muehllacken","tag-furthmuehle","tag-haslach","tag-jugendgruppe","tag-jugendlager"],"_links":{"self":[{"href":"https:\/\/ff-muehldorf.at\/wordpress\/wp-json\/wp\/v2\/posts\/1736","targetHints":{"allow":["GET"]}}],"collection":[{"href":"https:\/\/ff-muehldorf.at\/wordpress\/wp-json\/wp\/v2\/posts"}],"about":[{"href":"https:\/\/ff-muehldorf.at\/wordpress\/wp-json\/wp\/v2\/types\/post"}],"author":[{"embeddable":true,"href":"https:\/\/ff-muehldorf.at\/wordpress\/wp-json\/wp\/v2\/users\/7"}],"replies":[{"embeddable":true,"href":"https:\/\/ff-muehldorf.at\/wordpress\/wp-json\/wp\/v2\/comments?post=1736"}],"version-history":[{"count":2,"href":"https:\/\/ff-muehldorf.at\/wordpress\/wp-json\/wp\/v2\/posts\/1736\/revisions"}],"predecessor-version":[{"id":1742,"href":"https:\/\/ff-muehldorf.at\/wordpress\/wp-json\/wp\/v2\/posts\/1736\/revisions\/1742"}],"wp:featuredmedia":[{"embeddable":true,"href":"https:\/\/ff-muehldorf.at\/wordpress\/wp-json\/wp\/v2\/media\/1738"}],"wp:attachment":[{"href":"https:\/\/ff-muehldorf.at\/wordpress\/wp-json\/wp\/v2\/media?parent=1736"}],"wp:term":[{"taxonomy":"category","embeddable":true,"href":"https:\/\/ff-muehldorf.at\/wordpress\/wp-json\/wp\/v2\/categories?post=1736"},{"taxonomy":"post_tag","embeddable":true,"href":"https:\/\/ff-muehldorf.at\/wordpress\/wp-json\/wp\/v2\/tags?post=1736"}],"curies":[{"name":"wp","href":"https:\/\/api.w.org\/{rel}","templated":true}]}}