{"id":3896,"date":"2017-07-02T15:00:11","date_gmt":"2017-07-02T13:00:11","guid":{"rendered":"http:\/\/ff-muehldorf.at\/wordpress\/?p=3896"},"modified":"2017-07-02T22:00:33","modified_gmt":"2017-07-02T20:00:33","slug":"sicherheitstag-walding","status":"publish","type":"post","link":"https:\/\/ff-muehldorf.at\/wordpress\/2017\/07\/02\/sicherheitstag-walding\/","title":{"rendered":"FF-M\u00fchldorf beim Sicherheitstag in Walding"},"content":{"rendered":"<p>Am 2. Juli 2017 fand am Gel\u00e4nde des Gewerbeparks Walding ein Sicherheitstag der Einsatzkr\u00e4fte statt. Zahlreiche Feuerwehren des Bezirks und dar\u00fcber hinaus stellten der \u00d6ffentlichkeit die vorhandenen Sondereinsatzmittel und Spezialfahrzeuge vor. Neben der Feuerwehr war auch die Polizei, der Zivil- und Katastrophenschutz, das Rote Kreuz Walding, Herzogsdorf und der Arbeiter-Samariterbund Feldkirchen vertreten. Unsere Feuerwehr war mit der Sandsackf\u00fcllmaschine vor Ort, welche seit dem Jahr 2005 als St\u00fctzpunkt bei der FF-M\u00fchldorf stationiert ist. Mit diesem Ger\u00e4t konnten\u00a0bis jetzt\u00a0drei Hochwassereins\u00e4tze bew\u00e4ltigt werden. Seit der Inbetriebnahme dieses Einsatzmittels wurden ca. 23.000 Sands\u00e4cke gef\u00fcllt, was einer Sandmenge von etwa 600 Tonnen entspricht.<\/p>\n<p>Ein besonderes Highlight war die organisations\u00fcbergreifende Einsatz\u00fcbung, die um 15:00 Uhr einer gro\u00dfen Menge an Interessierten vorgef\u00fchrt wurde. Wir \u00fcbernahmen hierbei die Aufgabe der Feuerwehr und unterst\u00fctzten mit unserem Kleinr\u00fcstfahrzeug bei der technischen Hilfeleistung, der Rettung eines eingeklemmten Fahrradlenkers sowie bei der Versorgung der weiteren verletzten Personen. Neben der Absicherung, dem doppelten Brandschutz, kamen auch ein Hebekissen und das hydraulische Rettungsger\u00e4t zum Einsatz. Die Polizei k\u00fcmmerte sich um die Ursachenermittlung und die Datenerhebung, die beiden Rettungsorganisationen um die Stabilisierung, Versorgung und die Einlieferung der drei verletzen Unfallbeteiligten in ein Spital nach Linz. Diese Schau\u00fcbung wurde durch einen Kameraden der Feuerwehr Walding sowie durch die Rettungsorganisation moderiert und zeigte wie die einsatzorganisations\u00fcbergreifende Zusammenarbeit im Ernstfall funktioniert.<\/p>\n<p><em><strong>Wir danken allen beteiligten\u00a0Einsatzkr\u00e4ften f\u00fcr die gelungene Schau\u00fcbung,\u00a0sowie bei allen Zusehern f\u00fcr ihr Interesse.<\/strong><\/em><\/p>\n<p>&nbsp;<\/p>\n<p><a href=\"http:\/\/www.feuerwehr-walding.at\/\" target=\"_blank\" rel=\"noopener\">Freiwillige Feuerwehr Walding<\/a><\/p>\n<p><a href=\"https:\/\/flic.kr\/s\/aHskZ9ot6k\" target=\"_blank\" rel=\"noopener\">Alle Bilder der FF-M\u00fchldorf vom Sicherheitstag Walding<\/a><\/p>\n<p>&nbsp;<\/p>\n<p><strong>Fotos:<\/strong><\/p>\n<div id=\"kad-wp-gallery81\" class=\"kad-wp-gallery gallery kt-gallery-column-6 init-isotope-intrinsic reinit-isotope kad-light-wp-gallery clearfix rowtight\" data-fade-in=\"1\" data-iso-selector=\".g_item\" data-iso-style=\"masonry\" data-iso-filter=\"false\"><div class=\"tcol-lg-2 tcol-md-2 tcol-sm-3 tcol-xs-4 tcol-ss-6 g_item\"><div class=\"grid_item kt_item_fade_in kad_gallery_fade_in gallery_item\"><a href=\"https:\/\/ff-muehldorf.at\/wordpress\/wp-content\/uploads\/2017\/07\/02\/2017-07-02_sicherheitstag-walding-8.jpg\" data-rel=\"lightbox\" class=\"lightboxhover\"><div class=\"kt-intrinsic\" style=\"padding-bottom:66.666666666667%;\"><div itemprop=\"image\" itemscope itemtype=\"https:\/\/schema.org\/ImageObject\"><img loading=\"lazy\" decoding=\"async\" width=\"240\" height=\"160\" src=\"https:\/\/ff-muehldorf.at\/wordpress\/wp-content\/uploads\/2017\/07\/02\/2017-07-02_sicherheitstag-walding-8-240x160.jpg\" srcset=\"https:\/\/ff-muehldorf.at\/wordpress\/wp-content\/uploads\/2017\/07\/02\/2017-07-02_sicherheitstag-walding-8-240x160.jpg 240w, https:\/\/ff-muehldorf.at\/wordpress\/wp-content\/uploads\/2017\/07\/02\/2017-07-02_sicherheitstag-walding-8-300x200.jpg 300w, https:\/\/ff-muehldorf.at\/wordpress\/wp-content\/uploads\/2017\/07\/02\/2017-07-02_sicherheitstag-walding-8-768x511.jpg 768w, https:\/\/ff-muehldorf.at\/wordpress\/wp-content\/uploads\/2017\/07\/02\/2017-07-02_sicherheitstag-walding-8-1024x682.jpg 1024w, https:\/\/ff-muehldorf.at\/wordpress\/wp-content\/uploads\/2017\/07\/02\/2017-07-02_sicherheitstag-walding-8-600x400.jpg 600w, https:\/\/ff-muehldorf.at\/wordpress\/wp-content\/uploads\/2017\/07\/02\/2017-07-02_sicherheitstag-walding-8-272x182.jpg 272w, https:\/\/ff-muehldorf.at\/wordpress\/wp-content\/uploads\/2017\/07\/02\/2017-07-02_sicherheitstag-walding-8-480x320.jpg 480w, https:\/\/ff-muehldorf.at\/wordpress\/wp-content\/uploads\/2017\/07\/02\/2017-07-02_sicherheitstag-walding-8.jpg 1200w\" sizes=\"auto, (max-width: 240px) 100vw, 240px\" data-caption=\"\" class=\"light-dropshaddow\" itemprop=\"contentUrl\" alt=\"\"><meta itemprop=\"url\" content=\"https:\/\/ff-muehldorf.at\/wordpress\/wp-content\/uploads\/2017\/07\/02\/2017-07-02_sicherheitstag-walding-8-240x160.jpg\"><meta itemprop=\"width\" content=\"240px\"><meta itemprop=\"height\" content=\"160px\"><\/div><\/div><\/a><\/div><\/div><div class=\"tcol-lg-2 tcol-md-2 tcol-sm-3 tcol-xs-4 tcol-ss-6 g_item\"><div class=\"grid_item kt_item_fade_in kad_gallery_fade_in gallery_item\"><a href=\"https:\/\/ff-muehldorf.at\/wordpress\/wp-content\/uploads\/2017\/07\/02\/2017-07-02_sicherheitstag-walding-9.jpg\" data-rel=\"lightbox\" class=\"lightboxhover\"><div class=\"kt-intrinsic\" style=\"padding-bottom:66.666666666667%;\"><div itemprop=\"image\" itemscope itemtype=\"https:\/\/schema.org\/ImageObject\"><img loading=\"lazy\" decoding=\"async\" width=\"240\" height=\"160\" src=\"https:\/\/ff-muehldorf.at\/wordpress\/wp-content\/uploads\/2017\/07\/02\/2017-07-02_sicherheitstag-walding-9-240x160.jpg\" srcset=\"https:\/\/ff-muehldorf.at\/wordpress\/wp-content\/uploads\/2017\/07\/02\/2017-07-02_sicherheitstag-walding-9-240x160.jpg 240w, https:\/\/ff-muehldorf.at\/wordpress\/wp-content\/uploads\/2017\/07\/02\/2017-07-02_sicherheitstag-walding-9-300x200.jpg 300w, https:\/\/ff-muehldorf.at\/wordpress\/wp-content\/uploads\/2017\/07\/02\/2017-07-02_sicherheitstag-walding-9-768x511.jpg 768w, https:\/\/ff-muehldorf.at\/wordpress\/wp-content\/uploads\/2017\/07\/02\/2017-07-02_sicherheitstag-walding-9-1024x682.jpg 1024w, https:\/\/ff-muehldorf.at\/wordpress\/wp-content\/uploads\/2017\/07\/02\/2017-07-02_sicherheitstag-walding-9-600x400.jpg 600w, https:\/\/ff-muehldorf.at\/wordpress\/wp-content\/uploads\/2017\/07\/02\/2017-07-02_sicherheitstag-walding-9-272x182.jpg 272w, https:\/\/ff-muehldorf.at\/wordpress\/wp-content\/uploads\/2017\/07\/02\/2017-07-02_sicherheitstag-walding-9-480x320.jpg 480w, https:\/\/ff-muehldorf.at\/wordpress\/wp-content\/uploads\/2017\/07\/02\/2017-07-02_sicherheitstag-walding-9.jpg 1200w\" sizes=\"auto, (max-width: 240px) 100vw, 240px\" data-caption=\"\" class=\"light-dropshaddow\" itemprop=\"contentUrl\" alt=\"\"><meta itemprop=\"url\" content=\"https:\/\/ff-muehldorf.at\/wordpress\/wp-content\/uploads\/2017\/07\/02\/2017-07-02_sicherheitstag-walding-9-240x160.jpg\"><meta itemprop=\"width\" content=\"240px\"><meta itemprop=\"height\" content=\"160px\"><\/div><\/div><\/a><\/div><\/div><div class=\"tcol-lg-2 tcol-md-2 tcol-sm-3 tcol-xs-4 tcol-ss-6 g_item\"><div class=\"grid_item kt_item_fade_in kad_gallery_fade_in gallery_item\"><a href=\"https:\/\/ff-muehldorf.at\/wordpress\/wp-content\/uploads\/2017\/07\/02\/2017-07-02_sicherheitstag-walding-10.jpg\" data-rel=\"lightbox\" class=\"lightboxhover\"><div class=\"kt-intrinsic\" style=\"padding-bottom:66.666666666667%;\"><div itemprop=\"image\" itemscope itemtype=\"https:\/\/schema.org\/ImageObject\"><img loading=\"lazy\" decoding=\"async\" width=\"240\" height=\"160\" src=\"https:\/\/ff-muehldorf.at\/wordpress\/wp-content\/uploads\/2017\/07\/02\/2017-07-02_sicherheitstag-walding-10-240x160.jpg\" srcset=\"https:\/\/ff-muehldorf.at\/wordpress\/wp-content\/uploads\/2017\/07\/02\/2017-07-02_sicherheitstag-walding-10-240x160.jpg 240w, https:\/\/ff-muehldorf.at\/wordpress\/wp-content\/uploads\/2017\/07\/02\/2017-07-02_sicherheitstag-walding-10-300x200.jpg 300w, https:\/\/ff-muehldorf.at\/wordpress\/wp-content\/uploads\/2017\/07\/02\/2017-07-02_sicherheitstag-walding-10-768x511.jpg 768w, https:\/\/ff-muehldorf.at\/wordpress\/wp-content\/uploads\/2017\/07\/02\/2017-07-02_sicherheitstag-walding-10-1024x682.jpg 1024w, https:\/\/ff-muehldorf.at\/wordpress\/wp-content\/uploads\/2017\/07\/02\/2017-07-02_sicherheitstag-walding-10-600x400.jpg 600w, https:\/\/ff-muehldorf.at\/wordpress\/wp-content\/uploads\/2017\/07\/02\/2017-07-02_sicherheitstag-walding-10-272x182.jpg 272w, https:\/\/ff-muehldorf.at\/wordpress\/wp-content\/uploads\/2017\/07\/02\/2017-07-02_sicherheitstag-walding-10-480x320.jpg 480w, https:\/\/ff-muehldorf.at\/wordpress\/wp-content\/uploads\/2017\/07\/02\/2017-07-02_sicherheitstag-walding-10.jpg 1200w\" sizes=\"auto, (max-width: 240px) 100vw, 240px\" data-caption=\"\" class=\"light-dropshaddow\" itemprop=\"contentUrl\" alt=\"\"><meta itemprop=\"url\" content=\"https:\/\/ff-muehldorf.at\/wordpress\/wp-content\/uploads\/2017\/07\/02\/2017-07-02_sicherheitstag-walding-10-240x160.jpg\"><meta itemprop=\"width\" content=\"240px\"><meta itemprop=\"height\" content=\"160px\"><\/div><\/div><\/a><\/div><\/div><div class=\"tcol-lg-2 tcol-md-2 tcol-sm-3 tcol-xs-4 tcol-ss-6 g_item\"><div class=\"grid_item kt_item_fade_in kad_gallery_fade_in gallery_item\"><a href=\"https:\/\/ff-muehldorf.at\/wordpress\/wp-content\/uploads\/2017\/07\/02\/2017-07-02_sicherheitstag-walding-11.jpg\" data-rel=\"lightbox\" class=\"lightboxhover\"><div class=\"kt-intrinsic\" style=\"padding-bottom:66.666666666667%;\"><div itemprop=\"image\" itemscope itemtype=\"https:\/\/schema.org\/ImageObject\"><img loading=\"lazy\" decoding=\"async\" width=\"240\" height=\"160\" src=\"https:\/\/ff-muehldorf.at\/wordpress\/wp-content\/uploads\/2017\/07\/02\/2017-07-02_sicherheitstag-walding-11-240x160.jpg\" srcset=\"https:\/\/ff-muehldorf.at\/wordpress\/wp-content\/uploads\/2017\/07\/02\/2017-07-02_sicherheitstag-walding-11-240x160.jpg 240w, https:\/\/ff-muehldorf.at\/wordpress\/wp-content\/uploads\/2017\/07\/02\/2017-07-02_sicherheitstag-walding-11-300x200.jpg 300w, https:\/\/ff-muehldorf.at\/wordpress\/wp-content\/uploads\/2017\/07\/02\/2017-07-02_sicherheitstag-walding-11-768x511.jpg 768w, https:\/\/ff-muehldorf.at\/wordpress\/wp-content\/uploads\/2017\/07\/02\/2017-07-02_sicherheitstag-walding-11-1024x682.jpg 1024w, https:\/\/ff-muehldorf.at\/wordpress\/wp-content\/uploads\/2017\/07\/02\/2017-07-02_sicherheitstag-walding-11-600x400.jpg 600w, https:\/\/ff-muehldorf.at\/wordpress\/wp-content\/uploads\/2017\/07\/02\/2017-07-02_sicherheitstag-walding-11-272x182.jpg 272w, https:\/\/ff-muehldorf.at\/wordpress\/wp-content\/uploads\/2017\/07\/02\/2017-07-02_sicherheitstag-walding-11-480x320.jpg 480w, https:\/\/ff-muehldorf.at\/wordpress\/wp-content\/uploads\/2017\/07\/02\/2017-07-02_sicherheitstag-walding-11.jpg 1200w\" sizes=\"auto, (max-width: 240px) 100vw, 240px\" data-caption=\"\" class=\"light-dropshaddow\" itemprop=\"contentUrl\" alt=\"\"><meta itemprop=\"url\" content=\"https:\/\/ff-muehldorf.at\/wordpress\/wp-content\/uploads\/2017\/07\/02\/2017-07-02_sicherheitstag-walding-11-240x160.jpg\"><meta itemprop=\"width\" content=\"240px\"><meta itemprop=\"height\" content=\"160px\"><\/div><\/div><\/a><\/div><\/div><div class=\"tcol-lg-2 tcol-md-2 tcol-sm-3 tcol-xs-4 tcol-ss-6 g_item\"><div class=\"grid_item kt_item_fade_in kad_gallery_fade_in gallery_item\"><a href=\"https:\/\/ff-muehldorf.at\/wordpress\/wp-content\/uploads\/2017\/07\/02\/2017-07-02_sicherheitstag-walding-12.jpg\" data-rel=\"lightbox\" class=\"lightboxhover\"><div class=\"kt-intrinsic\" style=\"padding-bottom:66.666666666667%;\"><div itemprop=\"image\" itemscope itemtype=\"https:\/\/schema.org\/ImageObject\"><img loading=\"lazy\" decoding=\"async\" width=\"240\" height=\"160\" src=\"https:\/\/ff-muehldorf.at\/wordpress\/wp-content\/uploads\/2017\/07\/02\/2017-07-02_sicherheitstag-walding-12-240x160.jpg\" srcset=\"https:\/\/ff-muehldorf.at\/wordpress\/wp-content\/uploads\/2017\/07\/02\/2017-07-02_sicherheitstag-walding-12-240x160.jpg 240w, https:\/\/ff-muehldorf.at\/wordpress\/wp-content\/uploads\/2017\/07\/02\/2017-07-02_sicherheitstag-walding-12-300x200.jpg 300w, https:\/\/ff-muehldorf.at\/wordpress\/wp-content\/uploads\/2017\/07\/02\/2017-07-02_sicherheitstag-walding-12-768x511.jpg 768w, https:\/\/ff-muehldorf.at\/wordpress\/wp-content\/uploads\/2017\/07\/02\/2017-07-02_sicherheitstag-walding-12-1024x682.jpg 1024w, https:\/\/ff-muehldorf.at\/wordpress\/wp-content\/uploads\/2017\/07\/02\/2017-07-02_sicherheitstag-walding-12-600x400.jpg 600w, https:\/\/ff-muehldorf.at\/wordpress\/wp-content\/uploads\/2017\/07\/02\/2017-07-02_sicherheitstag-walding-12-272x182.jpg 272w, https:\/\/ff-muehldorf.at\/wordpress\/wp-content\/uploads\/2017\/07\/02\/2017-07-02_sicherheitstag-walding-12-480x320.jpg 480w, https:\/\/ff-muehldorf.at\/wordpress\/wp-content\/uploads\/2017\/07\/02\/2017-07-02_sicherheitstag-walding-12.jpg 1200w\" sizes=\"auto, (max-width: 240px) 100vw, 240px\" data-caption=\"\" class=\"light-dropshaddow\" itemprop=\"contentUrl\" alt=\"\"><meta itemprop=\"url\" content=\"https:\/\/ff-muehldorf.at\/wordpress\/wp-content\/uploads\/2017\/07\/02\/2017-07-02_sicherheitstag-walding-12-240x160.jpg\"><meta itemprop=\"width\" content=\"240px\"><meta itemprop=\"height\" content=\"160px\"><\/div><\/div><\/a><\/div><\/div><div class=\"tcol-lg-2 tcol-md-2 tcol-sm-3 tcol-xs-4 tcol-ss-6 g_item\"><div class=\"grid_item kt_item_fade_in kad_gallery_fade_in gallery_item\"><a href=\"https:\/\/ff-muehldorf.at\/wordpress\/wp-content\/uploads\/2017\/07\/02\/2017-07-02_sicherheitstag-walding-13.jpg\" data-rel=\"lightbox\" class=\"lightboxhover\"><div class=\"kt-intrinsic\" style=\"padding-bottom:66.666666666667%;\"><div itemprop=\"image\" itemscope itemtype=\"https:\/\/schema.org\/ImageObject\"><img loading=\"lazy\" decoding=\"async\" width=\"240\" height=\"160\" src=\"https:\/\/ff-muehldorf.at\/wordpress\/wp-content\/uploads\/2017\/07\/02\/2017-07-02_sicherheitstag-walding-13-240x160.jpg\" srcset=\"https:\/\/ff-muehldorf.at\/wordpress\/wp-content\/uploads\/2017\/07\/02\/2017-07-02_sicherheitstag-walding-13-240x160.jpg 240w, https:\/\/ff-muehldorf.at\/wordpress\/wp-content\/uploads\/2017\/07\/02\/2017-07-02_sicherheitstag-walding-13-300x200.jpg 300w, https:\/\/ff-muehldorf.at\/wordpress\/wp-content\/uploads\/2017\/07\/02\/2017-07-02_sicherheitstag-walding-13-768x511.jpg 768w, https:\/\/ff-muehldorf.at\/wordpress\/wp-content\/uploads\/2017\/07\/02\/2017-07-02_sicherheitstag-walding-13-1024x682.jpg 1024w, https:\/\/ff-muehldorf.at\/wordpress\/wp-content\/uploads\/2017\/07\/02\/2017-07-02_sicherheitstag-walding-13-600x400.jpg 600w, https:\/\/ff-muehldorf.at\/wordpress\/wp-content\/uploads\/2017\/07\/02\/2017-07-02_sicherheitstag-walding-13-272x182.jpg 272w, https:\/\/ff-muehldorf.at\/wordpress\/wp-content\/uploads\/2017\/07\/02\/2017-07-02_sicherheitstag-walding-13-480x320.jpg 480w, https:\/\/ff-muehldorf.at\/wordpress\/wp-content\/uploads\/2017\/07\/02\/2017-07-02_sicherheitstag-walding-13.jpg 1200w\" sizes=\"auto, (max-width: 240px) 100vw, 240px\" data-caption=\"\" class=\"light-dropshaddow\" itemprop=\"contentUrl\" alt=\"\"><meta itemprop=\"url\" content=\"https:\/\/ff-muehldorf.at\/wordpress\/wp-content\/uploads\/2017\/07\/02\/2017-07-02_sicherheitstag-walding-13-240x160.jpg\"><meta itemprop=\"width\" content=\"240px\"><meta itemprop=\"height\" content=\"160px\"><\/div><\/div><\/a><\/div><\/div><div class=\"tcol-lg-2 tcol-md-2 tcol-sm-3 tcol-xs-4 tcol-ss-6 g_item\"><div class=\"grid_item kt_item_fade_in kad_gallery_fade_in gallery_item\"><a href=\"https:\/\/ff-muehldorf.at\/wordpress\/wp-content\/uploads\/2017\/07\/02\/2017-07-02_sicherheitstag-walding-14.jpg\" data-rel=\"lightbox\" class=\"lightboxhover\"><div class=\"kt-intrinsic\" style=\"padding-bottom:66.666666666667%;\"><div itemprop=\"image\" itemscope itemtype=\"https:\/\/schema.org\/ImageObject\"><img loading=\"lazy\" decoding=\"async\" width=\"240\" height=\"160\" src=\"https:\/\/ff-muehldorf.at\/wordpress\/wp-content\/uploads\/2017\/07\/02\/2017-07-02_sicherheitstag-walding-14-240x160.jpg\" srcset=\"https:\/\/ff-muehldorf.at\/wordpress\/wp-content\/uploads\/2017\/07\/02\/2017-07-02_sicherheitstag-walding-14-240x160.jpg 240w, https:\/\/ff-muehldorf.at\/wordpress\/wp-content\/uploads\/2017\/07\/02\/2017-07-02_sicherheitstag-walding-14-300x200.jpg 300w, https:\/\/ff-muehldorf.at\/wordpress\/wp-content\/uploads\/2017\/07\/02\/2017-07-02_sicherheitstag-walding-14-768x511.jpg 768w, https:\/\/ff-muehldorf.at\/wordpress\/wp-content\/uploads\/2017\/07\/02\/2017-07-02_sicherheitstag-walding-14-1024x682.jpg 1024w, https:\/\/ff-muehldorf.at\/wordpress\/wp-content\/uploads\/2017\/07\/02\/2017-07-02_sicherheitstag-walding-14-600x400.jpg 600w, https:\/\/ff-muehldorf.at\/wordpress\/wp-content\/uploads\/2017\/07\/02\/2017-07-02_sicherheitstag-walding-14-272x182.jpg 272w, https:\/\/ff-muehldorf.at\/wordpress\/wp-content\/uploads\/2017\/07\/02\/2017-07-02_sicherheitstag-walding-14-480x320.jpg 480w, https:\/\/ff-muehldorf.at\/wordpress\/wp-content\/uploads\/2017\/07\/02\/2017-07-02_sicherheitstag-walding-14.jpg 1200w\" sizes=\"auto, (max-width: 240px) 100vw, 240px\" data-caption=\"\" class=\"light-dropshaddow\" itemprop=\"contentUrl\" alt=\"\"><meta itemprop=\"url\" content=\"https:\/\/ff-muehldorf.at\/wordpress\/wp-content\/uploads\/2017\/07\/02\/2017-07-02_sicherheitstag-walding-14-240x160.jpg\"><meta itemprop=\"width\" content=\"240px\"><meta itemprop=\"height\" content=\"160px\"><\/div><\/div><\/a><\/div><\/div><div class=\"tcol-lg-2 tcol-md-2 tcol-sm-3 tcol-xs-4 tcol-ss-6 g_item\"><div class=\"grid_item kt_item_fade_in kad_gallery_fade_in gallery_item\"><a href=\"https:\/\/ff-muehldorf.at\/wordpress\/wp-content\/uploads\/2017\/07\/02\/2017-07-02_sicherheitstag-walding.jpg\" data-rel=\"lightbox\" class=\"lightboxhover\"><div class=\"kt-intrinsic\" style=\"padding-bottom:66.666666666667%;\"><div itemprop=\"image\" itemscope itemtype=\"https:\/\/schema.org\/ImageObject\"><img loading=\"lazy\" decoding=\"async\" width=\"240\" height=\"160\" src=\"https:\/\/ff-muehldorf.at\/wordpress\/wp-content\/uploads\/2017\/07\/02\/2017-07-02_sicherheitstag-walding-240x160.jpg\" srcset=\"https:\/\/ff-muehldorf.at\/wordpress\/wp-content\/uploads\/2017\/07\/02\/2017-07-02_sicherheitstag-walding-240x160.jpg 240w, https:\/\/ff-muehldorf.at\/wordpress\/wp-content\/uploads\/2017\/07\/02\/2017-07-02_sicherheitstag-walding-300x200.jpg 300w, https:\/\/ff-muehldorf.at\/wordpress\/wp-content\/uploads\/2017\/07\/02\/2017-07-02_sicherheitstag-walding-768x511.jpg 768w, https:\/\/ff-muehldorf.at\/wordpress\/wp-content\/uploads\/2017\/07\/02\/2017-07-02_sicherheitstag-walding-1024x682.jpg 1024w, https:\/\/ff-muehldorf.at\/wordpress\/wp-content\/uploads\/2017\/07\/02\/2017-07-02_sicherheitstag-walding-600x400.jpg 600w, https:\/\/ff-muehldorf.at\/wordpress\/wp-content\/uploads\/2017\/07\/02\/2017-07-02_sicherheitstag-walding-272x182.jpg 272w, https:\/\/ff-muehldorf.at\/wordpress\/wp-content\/uploads\/2017\/07\/02\/2017-07-02_sicherheitstag-walding-480x320.jpg 480w, https:\/\/ff-muehldorf.at\/wordpress\/wp-content\/uploads\/2017\/07\/02\/2017-07-02_sicherheitstag-walding.jpg 1200w\" sizes=\"auto, (max-width: 240px) 100vw, 240px\" data-caption=\"\" class=\"light-dropshaddow\" itemprop=\"contentUrl\" alt=\"\"><meta itemprop=\"url\" content=\"https:\/\/ff-muehldorf.at\/wordpress\/wp-content\/uploads\/2017\/07\/02\/2017-07-02_sicherheitstag-walding-240x160.jpg\"><meta itemprop=\"width\" content=\"240px\"><meta itemprop=\"height\" content=\"160px\"><\/div><\/div><\/a><\/div><\/div><div class=\"tcol-lg-2 tcol-md-2 tcol-sm-3 tcol-xs-4 tcol-ss-6 g_item\"><div class=\"grid_item kt_item_fade_in kad_gallery_fade_in gallery_item\"><a href=\"https:\/\/ff-muehldorf.at\/wordpress\/wp-content\/uploads\/2017\/07\/02\/2017-07-02_sicherheitstag-walding-1.jpg\" data-rel=\"lightbox\" class=\"lightboxhover\"><div class=\"kt-intrinsic\" style=\"padding-bottom:66.666666666667%;\"><div itemprop=\"image\" itemscope itemtype=\"https:\/\/schema.org\/ImageObject\"><img loading=\"lazy\" decoding=\"async\" width=\"240\" height=\"160\" src=\"https:\/\/ff-muehldorf.at\/wordpress\/wp-content\/uploads\/2017\/07\/02\/2017-07-02_sicherheitstag-walding-1-240x160.jpg\" srcset=\"https:\/\/ff-muehldorf.at\/wordpress\/wp-content\/uploads\/2017\/07\/02\/2017-07-02_sicherheitstag-walding-1-240x160.jpg 240w, https:\/\/ff-muehldorf.at\/wordpress\/wp-content\/uploads\/2017\/07\/02\/2017-07-02_sicherheitstag-walding-1-300x200.jpg 300w, https:\/\/ff-muehldorf.at\/wordpress\/wp-content\/uploads\/2017\/07\/02\/2017-07-02_sicherheitstag-walding-1-768x511.jpg 768w, https:\/\/ff-muehldorf.at\/wordpress\/wp-content\/uploads\/2017\/07\/02\/2017-07-02_sicherheitstag-walding-1-1024x682.jpg 1024w, https:\/\/ff-muehldorf.at\/wordpress\/wp-content\/uploads\/2017\/07\/02\/2017-07-02_sicherheitstag-walding-1-600x400.jpg 600w, https:\/\/ff-muehldorf.at\/wordpress\/wp-content\/uploads\/2017\/07\/02\/2017-07-02_sicherheitstag-walding-1-272x182.jpg 272w, https:\/\/ff-muehldorf.at\/wordpress\/wp-content\/uploads\/2017\/07\/02\/2017-07-02_sicherheitstag-walding-1-480x320.jpg 480w, https:\/\/ff-muehldorf.at\/wordpress\/wp-content\/uploads\/2017\/07\/02\/2017-07-02_sicherheitstag-walding-1.jpg 1200w\" sizes=\"auto, (max-width: 240px) 100vw, 240px\" data-caption=\"\" class=\"light-dropshaddow\" itemprop=\"contentUrl\" alt=\"\"><meta itemprop=\"url\" content=\"https:\/\/ff-muehldorf.at\/wordpress\/wp-content\/uploads\/2017\/07\/02\/2017-07-02_sicherheitstag-walding-1-240x160.jpg\"><meta itemprop=\"width\" content=\"240px\"><meta itemprop=\"height\" content=\"160px\"><\/div><\/div><\/a><\/div><\/div><div class=\"tcol-lg-2 tcol-md-2 tcol-sm-3 tcol-xs-4 tcol-ss-6 g_item\"><div class=\"grid_item kt_item_fade_in kad_gallery_fade_in gallery_item\"><a href=\"https:\/\/ff-muehldorf.at\/wordpress\/wp-content\/uploads\/2017\/07\/02\/2017-07-02_sicherheitstag-walding-15.jpg\" data-rel=\"lightbox\" class=\"lightboxhover\"><div class=\"kt-intrinsic\" style=\"padding-bottom:66.666666666667%;\"><div itemprop=\"image\" itemscope itemtype=\"https:\/\/schema.org\/ImageObject\"><img loading=\"lazy\" decoding=\"async\" width=\"240\" height=\"160\" src=\"https:\/\/ff-muehldorf.at\/wordpress\/wp-content\/uploads\/2017\/07\/02\/2017-07-02_sicherheitstag-walding-15-240x160.jpg\" srcset=\"https:\/\/ff-muehldorf.at\/wordpress\/wp-content\/uploads\/2017\/07\/02\/2017-07-02_sicherheitstag-walding-15-240x160.jpg 240w, https:\/\/ff-muehldorf.at\/wordpress\/wp-content\/uploads\/2017\/07\/02\/2017-07-02_sicherheitstag-walding-15-300x200.jpg 300w, https:\/\/ff-muehldorf.at\/wordpress\/wp-content\/uploads\/2017\/07\/02\/2017-07-02_sicherheitstag-walding-15-768x511.jpg 768w, https:\/\/ff-muehldorf.at\/wordpress\/wp-content\/uploads\/2017\/07\/02\/2017-07-02_sicherheitstag-walding-15-1024x682.jpg 1024w, https:\/\/ff-muehldorf.at\/wordpress\/wp-content\/uploads\/2017\/07\/02\/2017-07-02_sicherheitstag-walding-15-600x400.jpg 600w, https:\/\/ff-muehldorf.at\/wordpress\/wp-content\/uploads\/2017\/07\/02\/2017-07-02_sicherheitstag-walding-15-272x182.jpg 272w, https:\/\/ff-muehldorf.at\/wordpress\/wp-content\/uploads\/2017\/07\/02\/2017-07-02_sicherheitstag-walding-15-480x320.jpg 480w, https:\/\/ff-muehldorf.at\/wordpress\/wp-content\/uploads\/2017\/07\/02\/2017-07-02_sicherheitstag-walding-15.jpg 1200w\" sizes=\"auto, (max-width: 240px) 100vw, 240px\" data-caption=\"\" class=\"light-dropshaddow\" itemprop=\"contentUrl\" alt=\"\"><meta itemprop=\"url\" content=\"https:\/\/ff-muehldorf.at\/wordpress\/wp-content\/uploads\/2017\/07\/02\/2017-07-02_sicherheitstag-walding-15-240x160.jpg\"><meta itemprop=\"width\" content=\"240px\"><meta itemprop=\"height\" content=\"160px\"><\/div><\/div><\/a><\/div><\/div><div class=\"tcol-lg-2 tcol-md-2 tcol-sm-3 tcol-xs-4 tcol-ss-6 g_item\"><div class=\"grid_item kt_item_fade_in kad_gallery_fade_in gallery_item\"><a href=\"https:\/\/ff-muehldorf.at\/wordpress\/wp-content\/uploads\/2017\/07\/02\/2017-07-02_sicherheitstag-walding-17.jpg\" data-rel=\"lightbox\" class=\"lightboxhover\"><div class=\"kt-intrinsic\" style=\"padding-bottom:66.666666666667%;\"><div itemprop=\"image\" itemscope itemtype=\"https:\/\/schema.org\/ImageObject\"><img loading=\"lazy\" decoding=\"async\" width=\"240\" height=\"160\" src=\"https:\/\/ff-muehldorf.at\/wordpress\/wp-content\/uploads\/2017\/07\/02\/2017-07-02_sicherheitstag-walding-17-240x160.jpg\" srcset=\"https:\/\/ff-muehldorf.at\/wordpress\/wp-content\/uploads\/2017\/07\/02\/2017-07-02_sicherheitstag-walding-17-240x160.jpg 240w, https:\/\/ff-muehldorf.at\/wordpress\/wp-content\/uploads\/2017\/07\/02\/2017-07-02_sicherheitstag-walding-17-300x200.jpg 300w, https:\/\/ff-muehldorf.at\/wordpress\/wp-content\/uploads\/2017\/07\/02\/2017-07-02_sicherheitstag-walding-17-768x511.jpg 768w, https:\/\/ff-muehldorf.at\/wordpress\/wp-content\/uploads\/2017\/07\/02\/2017-07-02_sicherheitstag-walding-17-1024x682.jpg 1024w, https:\/\/ff-muehldorf.at\/wordpress\/wp-content\/uploads\/2017\/07\/02\/2017-07-02_sicherheitstag-walding-17-600x400.jpg 600w, https:\/\/ff-muehldorf.at\/wordpress\/wp-content\/uploads\/2017\/07\/02\/2017-07-02_sicherheitstag-walding-17-272x182.jpg 272w, https:\/\/ff-muehldorf.at\/wordpress\/wp-content\/uploads\/2017\/07\/02\/2017-07-02_sicherheitstag-walding-17-480x320.jpg 480w, https:\/\/ff-muehldorf.at\/wordpress\/wp-content\/uploads\/2017\/07\/02\/2017-07-02_sicherheitstag-walding-17.jpg 1200w\" sizes=\"auto, (max-width: 240px) 100vw, 240px\" data-caption=\"\" class=\"light-dropshaddow\" itemprop=\"contentUrl\" alt=\"\"><meta itemprop=\"url\" content=\"https:\/\/ff-muehldorf.at\/wordpress\/wp-content\/uploads\/2017\/07\/02\/2017-07-02_sicherheitstag-walding-17-240x160.jpg\"><meta itemprop=\"width\" content=\"240px\"><meta itemprop=\"height\" content=\"160px\"><\/div><\/div><\/a><\/div><\/div><div class=\"tcol-lg-2 tcol-md-2 tcol-sm-3 tcol-xs-4 tcol-ss-6 g_item\"><div class=\"grid_item kt_item_fade_in kad_gallery_fade_in gallery_item\"><a href=\"https:\/\/ff-muehldorf.at\/wordpress\/wp-content\/uploads\/2017\/07\/02\/2017-07-02_sicherheitstag-walding-16.jpg\" data-rel=\"lightbox\" class=\"lightboxhover\"><div class=\"kt-intrinsic\" style=\"padding-bottom:66.666666666667%;\"><div itemprop=\"image\" itemscope itemtype=\"https:\/\/schema.org\/ImageObject\"><img loading=\"lazy\" decoding=\"async\" width=\"240\" height=\"160\" src=\"https:\/\/ff-muehldorf.at\/wordpress\/wp-content\/uploads\/2017\/07\/02\/2017-07-02_sicherheitstag-walding-16-240x160.jpg\" srcset=\"https:\/\/ff-muehldorf.at\/wordpress\/wp-content\/uploads\/2017\/07\/02\/2017-07-02_sicherheitstag-walding-16-240x160.jpg 240w, https:\/\/ff-muehldorf.at\/wordpress\/wp-content\/uploads\/2017\/07\/02\/2017-07-02_sicherheitstag-walding-16-300x200.jpg 300w, https:\/\/ff-muehldorf.at\/wordpress\/wp-content\/uploads\/2017\/07\/02\/2017-07-02_sicherheitstag-walding-16-768x511.jpg 768w, https:\/\/ff-muehldorf.at\/wordpress\/wp-content\/uploads\/2017\/07\/02\/2017-07-02_sicherheitstag-walding-16-1024x682.jpg 1024w, https:\/\/ff-muehldorf.at\/wordpress\/wp-content\/uploads\/2017\/07\/02\/2017-07-02_sicherheitstag-walding-16-600x400.jpg 600w, https:\/\/ff-muehldorf.at\/wordpress\/wp-content\/uploads\/2017\/07\/02\/2017-07-02_sicherheitstag-walding-16-272x182.jpg 272w, https:\/\/ff-muehldorf.at\/wordpress\/wp-content\/uploads\/2017\/07\/02\/2017-07-02_sicherheitstag-walding-16-480x320.jpg 480w, https:\/\/ff-muehldorf.at\/wordpress\/wp-content\/uploads\/2017\/07\/02\/2017-07-02_sicherheitstag-walding-16.jpg 1200w\" sizes=\"auto, (max-width: 240px) 100vw, 240px\" data-caption=\"\" class=\"light-dropshaddow\" itemprop=\"contentUrl\" alt=\"\"><meta itemprop=\"url\" content=\"https:\/\/ff-muehldorf.at\/wordpress\/wp-content\/uploads\/2017\/07\/02\/2017-07-02_sicherheitstag-walding-16-240x160.jpg\"><meta itemprop=\"width\" content=\"240px\"><meta itemprop=\"height\" content=\"160px\"><\/div><\/div><\/a><\/div><\/div><div class=\"tcol-lg-2 tcol-md-2 tcol-sm-3 tcol-xs-4 tcol-ss-6 g_item\"><div class=\"grid_item kt_item_fade_in kad_gallery_fade_in gallery_item\"><a href=\"https:\/\/ff-muehldorf.at\/wordpress\/wp-content\/uploads\/2017\/07\/02\/2017-07-02_sicherheitstag-walding-2.jpg\" data-rel=\"lightbox\" class=\"lightboxhover\"><div class=\"kt-intrinsic\" style=\"padding-bottom:66.666666666667%;\"><div itemprop=\"image\" itemscope itemtype=\"https:\/\/schema.org\/ImageObject\"><img loading=\"lazy\" decoding=\"async\" width=\"240\" height=\"160\" src=\"https:\/\/ff-muehldorf.at\/wordpress\/wp-content\/uploads\/2017\/07\/02\/2017-07-02_sicherheitstag-walding-2-240x160.jpg\" srcset=\"https:\/\/ff-muehldorf.at\/wordpress\/wp-content\/uploads\/2017\/07\/02\/2017-07-02_sicherheitstag-walding-2-240x160.jpg 240w, https:\/\/ff-muehldorf.at\/wordpress\/wp-content\/uploads\/2017\/07\/02\/2017-07-02_sicherheitstag-walding-2-300x200.jpg 300w, https:\/\/ff-muehldorf.at\/wordpress\/wp-content\/uploads\/2017\/07\/02\/2017-07-02_sicherheitstag-walding-2-768x511.jpg 768w, https:\/\/ff-muehldorf.at\/wordpress\/wp-content\/uploads\/2017\/07\/02\/2017-07-02_sicherheitstag-walding-2-1024x682.jpg 1024w, https:\/\/ff-muehldorf.at\/wordpress\/wp-content\/uploads\/2017\/07\/02\/2017-07-02_sicherheitstag-walding-2-600x400.jpg 600w, https:\/\/ff-muehldorf.at\/wordpress\/wp-content\/uploads\/2017\/07\/02\/2017-07-02_sicherheitstag-walding-2-272x182.jpg 272w, https:\/\/ff-muehldorf.at\/wordpress\/wp-content\/uploads\/2017\/07\/02\/2017-07-02_sicherheitstag-walding-2-480x320.jpg 480w, https:\/\/ff-muehldorf.at\/wordpress\/wp-content\/uploads\/2017\/07\/02\/2017-07-02_sicherheitstag-walding-2.jpg 1200w\" sizes=\"auto, (max-width: 240px) 100vw, 240px\" data-caption=\"\" class=\"light-dropshaddow\" itemprop=\"contentUrl\" alt=\"\"><meta itemprop=\"url\" content=\"https:\/\/ff-muehldorf.at\/wordpress\/wp-content\/uploads\/2017\/07\/02\/2017-07-02_sicherheitstag-walding-2-240x160.jpg\"><meta itemprop=\"width\" content=\"240px\"><meta itemprop=\"height\" content=\"160px\"><\/div><\/div><\/a><\/div><\/div><div class=\"tcol-lg-2 tcol-md-2 tcol-sm-3 tcol-xs-4 tcol-ss-6 g_item\"><div class=\"grid_item kt_item_fade_in kad_gallery_fade_in gallery_item\"><a href=\"https:\/\/ff-muehldorf.at\/wordpress\/wp-content\/uploads\/2017\/07\/02\/2017-07-02_sicherheitstag-walding-3.jpg\" data-rel=\"lightbox\" class=\"lightboxhover\"><div class=\"kt-intrinsic\" style=\"padding-bottom:66.666666666667%;\"><div itemprop=\"image\" itemscope itemtype=\"https:\/\/schema.org\/ImageObject\"><img loading=\"lazy\" decoding=\"async\" width=\"240\" height=\"160\" src=\"https:\/\/ff-muehldorf.at\/wordpress\/wp-content\/uploads\/2017\/07\/02\/2017-07-02_sicherheitstag-walding-3-240x160.jpg\" srcset=\"https:\/\/ff-muehldorf.at\/wordpress\/wp-content\/uploads\/2017\/07\/02\/2017-07-02_sicherheitstag-walding-3-240x160.jpg 240w, https:\/\/ff-muehldorf.at\/wordpress\/wp-content\/uploads\/2017\/07\/02\/2017-07-02_sicherheitstag-walding-3-300x200.jpg 300w, https:\/\/ff-muehldorf.at\/wordpress\/wp-content\/uploads\/2017\/07\/02\/2017-07-02_sicherheitstag-walding-3-768x511.jpg 768w, https:\/\/ff-muehldorf.at\/wordpress\/wp-content\/uploads\/2017\/07\/02\/2017-07-02_sicherheitstag-walding-3-1024x682.jpg 1024w, https:\/\/ff-muehldorf.at\/wordpress\/wp-content\/uploads\/2017\/07\/02\/2017-07-02_sicherheitstag-walding-3-600x400.jpg 600w, https:\/\/ff-muehldorf.at\/wordpress\/wp-content\/uploads\/2017\/07\/02\/2017-07-02_sicherheitstag-walding-3-272x182.jpg 272w, https:\/\/ff-muehldorf.at\/wordpress\/wp-content\/uploads\/2017\/07\/02\/2017-07-02_sicherheitstag-walding-3-480x320.jpg 480w, https:\/\/ff-muehldorf.at\/wordpress\/wp-content\/uploads\/2017\/07\/02\/2017-07-02_sicherheitstag-walding-3.jpg 1200w\" sizes=\"auto, (max-width: 240px) 100vw, 240px\" data-caption=\"\" class=\"light-dropshaddow\" itemprop=\"contentUrl\" alt=\"\"><meta itemprop=\"url\" content=\"https:\/\/ff-muehldorf.at\/wordpress\/wp-content\/uploads\/2017\/07\/02\/2017-07-02_sicherheitstag-walding-3-240x160.jpg\"><meta itemprop=\"width\" content=\"240px\"><meta itemprop=\"height\" content=\"160px\"><\/div><\/div><\/a><\/div><\/div><div class=\"tcol-lg-2 tcol-md-2 tcol-sm-3 tcol-xs-4 tcol-ss-6 g_item\"><div class=\"grid_item kt_item_fade_in kad_gallery_fade_in gallery_item\"><a href=\"https:\/\/ff-muehldorf.at\/wordpress\/wp-content\/uploads\/2017\/07\/02\/2017-07-02_sicherheitstag-walding-4.jpg\" data-rel=\"lightbox\" class=\"lightboxhover\"><div class=\"kt-intrinsic\" style=\"padding-bottom:66.666666666667%;\"><div itemprop=\"image\" itemscope itemtype=\"https:\/\/schema.org\/ImageObject\"><img loading=\"lazy\" decoding=\"async\" width=\"240\" height=\"160\" src=\"https:\/\/ff-muehldorf.at\/wordpress\/wp-content\/uploads\/2017\/07\/02\/2017-07-02_sicherheitstag-walding-4-240x160.jpg\" srcset=\"https:\/\/ff-muehldorf.at\/wordpress\/wp-content\/uploads\/2017\/07\/02\/2017-07-02_sicherheitstag-walding-4-240x160.jpg 240w, https:\/\/ff-muehldorf.at\/wordpress\/wp-content\/uploads\/2017\/07\/02\/2017-07-02_sicherheitstag-walding-4-300x200.jpg 300w, https:\/\/ff-muehldorf.at\/wordpress\/wp-content\/uploads\/2017\/07\/02\/2017-07-02_sicherheitstag-walding-4-768x511.jpg 768w, https:\/\/ff-muehldorf.at\/wordpress\/wp-content\/uploads\/2017\/07\/02\/2017-07-02_sicherheitstag-walding-4-1024x682.jpg 1024w, https:\/\/ff-muehldorf.at\/wordpress\/wp-content\/uploads\/2017\/07\/02\/2017-07-02_sicherheitstag-walding-4-600x400.jpg 600w, https:\/\/ff-muehldorf.at\/wordpress\/wp-content\/uploads\/2017\/07\/02\/2017-07-02_sicherheitstag-walding-4-272x182.jpg 272w, https:\/\/ff-muehldorf.at\/wordpress\/wp-content\/uploads\/2017\/07\/02\/2017-07-02_sicherheitstag-walding-4-480x320.jpg 480w, https:\/\/ff-muehldorf.at\/wordpress\/wp-content\/uploads\/2017\/07\/02\/2017-07-02_sicherheitstag-walding-4.jpg 1200w\" sizes=\"auto, (max-width: 240px) 100vw, 240px\" data-caption=\"\" class=\"light-dropshaddow\" itemprop=\"contentUrl\" alt=\"\"><meta itemprop=\"url\" content=\"https:\/\/ff-muehldorf.at\/wordpress\/wp-content\/uploads\/2017\/07\/02\/2017-07-02_sicherheitstag-walding-4-240x160.jpg\"><meta itemprop=\"width\" content=\"240px\"><meta itemprop=\"height\" content=\"160px\"><\/div><\/div><\/a><\/div><\/div><div class=\"tcol-lg-2 tcol-md-2 tcol-sm-3 tcol-xs-4 tcol-ss-6 g_item\"><div class=\"grid_item kt_item_fade_in kad_gallery_fade_in gallery_item\"><a href=\"https:\/\/ff-muehldorf.at\/wordpress\/wp-content\/uploads\/2017\/07\/02\/2017-07-02_sicherheitstag-walding-5.jpg\" data-rel=\"lightbox\" class=\"lightboxhover\"><div class=\"kt-intrinsic\" style=\"padding-bottom:66.666666666667%;\"><div itemprop=\"image\" itemscope itemtype=\"https:\/\/schema.org\/ImageObject\"><img loading=\"lazy\" decoding=\"async\" width=\"240\" height=\"160\" src=\"https:\/\/ff-muehldorf.at\/wordpress\/wp-content\/uploads\/2017\/07\/02\/2017-07-02_sicherheitstag-walding-5-240x160.jpg\" srcset=\"https:\/\/ff-muehldorf.at\/wordpress\/wp-content\/uploads\/2017\/07\/02\/2017-07-02_sicherheitstag-walding-5-240x160.jpg 240w, https:\/\/ff-muehldorf.at\/wordpress\/wp-content\/uploads\/2017\/07\/02\/2017-07-02_sicherheitstag-walding-5-300x200.jpg 300w, https:\/\/ff-muehldorf.at\/wordpress\/wp-content\/uploads\/2017\/07\/02\/2017-07-02_sicherheitstag-walding-5-768x511.jpg 768w, https:\/\/ff-muehldorf.at\/wordpress\/wp-content\/uploads\/2017\/07\/02\/2017-07-02_sicherheitstag-walding-5-1024x682.jpg 1024w, https:\/\/ff-muehldorf.at\/wordpress\/wp-content\/uploads\/2017\/07\/02\/2017-07-02_sicherheitstag-walding-5-600x400.jpg 600w, https:\/\/ff-muehldorf.at\/wordpress\/wp-content\/uploads\/2017\/07\/02\/2017-07-02_sicherheitstag-walding-5-272x182.jpg 272w, https:\/\/ff-muehldorf.at\/wordpress\/wp-content\/uploads\/2017\/07\/02\/2017-07-02_sicherheitstag-walding-5-480x320.jpg 480w, https:\/\/ff-muehldorf.at\/wordpress\/wp-content\/uploads\/2017\/07\/02\/2017-07-02_sicherheitstag-walding-5.jpg 1200w\" sizes=\"auto, (max-width: 240px) 100vw, 240px\" data-caption=\"\" class=\"light-dropshaddow\" itemprop=\"contentUrl\" alt=\"\"><meta itemprop=\"url\" content=\"https:\/\/ff-muehldorf.at\/wordpress\/wp-content\/uploads\/2017\/07\/02\/2017-07-02_sicherheitstag-walding-5-240x160.jpg\"><meta itemprop=\"width\" content=\"240px\"><meta itemprop=\"height\" content=\"160px\"><\/div><\/div><\/a><\/div><\/div><div class=\"tcol-lg-2 tcol-md-2 tcol-sm-3 tcol-xs-4 tcol-ss-6 g_item\"><div class=\"grid_item kt_item_fade_in kad_gallery_fade_in gallery_item\"><a href=\"https:\/\/ff-muehldorf.at\/wordpress\/wp-content\/uploads\/2017\/07\/02\/2017-07-02_sicherheitstag-walding-18.jpg\" data-rel=\"lightbox\" class=\"lightboxhover\"><div class=\"kt-intrinsic\" style=\"padding-bottom:66.666666666667%;\"><div itemprop=\"image\" itemscope itemtype=\"https:\/\/schema.org\/ImageObject\"><img loading=\"lazy\" decoding=\"async\" width=\"240\" height=\"160\" src=\"https:\/\/ff-muehldorf.at\/wordpress\/wp-content\/uploads\/2017\/07\/02\/2017-07-02_sicherheitstag-walding-18-240x160.jpg\" srcset=\"https:\/\/ff-muehldorf.at\/wordpress\/wp-content\/uploads\/2017\/07\/02\/2017-07-02_sicherheitstag-walding-18-240x160.jpg 240w, https:\/\/ff-muehldorf.at\/wordpress\/wp-content\/uploads\/2017\/07\/02\/2017-07-02_sicherheitstag-walding-18-300x200.jpg 300w, https:\/\/ff-muehldorf.at\/wordpress\/wp-content\/uploads\/2017\/07\/02\/2017-07-02_sicherheitstag-walding-18-768x511.jpg 768w, https:\/\/ff-muehldorf.at\/wordpress\/wp-content\/uploads\/2017\/07\/02\/2017-07-02_sicherheitstag-walding-18-1024x682.jpg 1024w, https:\/\/ff-muehldorf.at\/wordpress\/wp-content\/uploads\/2017\/07\/02\/2017-07-02_sicherheitstag-walding-18-600x400.jpg 600w, https:\/\/ff-muehldorf.at\/wordpress\/wp-content\/uploads\/2017\/07\/02\/2017-07-02_sicherheitstag-walding-18-272x182.jpg 272w, https:\/\/ff-muehldorf.at\/wordpress\/wp-content\/uploads\/2017\/07\/02\/2017-07-02_sicherheitstag-walding-18-480x320.jpg 480w, https:\/\/ff-muehldorf.at\/wordpress\/wp-content\/uploads\/2017\/07\/02\/2017-07-02_sicherheitstag-walding-18.jpg 1200w\" sizes=\"auto, (max-width: 240px) 100vw, 240px\" data-caption=\"\" class=\"light-dropshaddow\" itemprop=\"contentUrl\" alt=\"\"><meta itemprop=\"url\" content=\"https:\/\/ff-muehldorf.at\/wordpress\/wp-content\/uploads\/2017\/07\/02\/2017-07-02_sicherheitstag-walding-18-240x160.jpg\"><meta itemprop=\"width\" content=\"240px\"><meta itemprop=\"height\" content=\"160px\"><\/div><\/div><\/a><\/div><\/div><div class=\"tcol-lg-2 tcol-md-2 tcol-sm-3 tcol-xs-4 tcol-ss-6 g_item\"><div class=\"grid_item kt_item_fade_in kad_gallery_fade_in gallery_item\"><a href=\"https:\/\/ff-muehldorf.at\/wordpress\/wp-content\/uploads\/2017\/07\/02\/2017-07-02_sicherheitstag-walding-6.jpg\" data-rel=\"lightbox\" class=\"lightboxhover\"><div class=\"kt-intrinsic\" style=\"padding-bottom:66.666666666667%;\"><div itemprop=\"image\" itemscope itemtype=\"https:\/\/schema.org\/ImageObject\"><img loading=\"lazy\" decoding=\"async\" width=\"240\" height=\"160\" src=\"https:\/\/ff-muehldorf.at\/wordpress\/wp-content\/uploads\/2017\/07\/02\/2017-07-02_sicherheitstag-walding-6-240x160.jpg\" srcset=\"https:\/\/ff-muehldorf.at\/wordpress\/wp-content\/uploads\/2017\/07\/02\/2017-07-02_sicherheitstag-walding-6-240x160.jpg 240w, https:\/\/ff-muehldorf.at\/wordpress\/wp-content\/uploads\/2017\/07\/02\/2017-07-02_sicherheitstag-walding-6-300x200.jpg 300w, https:\/\/ff-muehldorf.at\/wordpress\/wp-content\/uploads\/2017\/07\/02\/2017-07-02_sicherheitstag-walding-6-768x511.jpg 768w, https:\/\/ff-muehldorf.at\/wordpress\/wp-content\/uploads\/2017\/07\/02\/2017-07-02_sicherheitstag-walding-6-1024x682.jpg 1024w, https:\/\/ff-muehldorf.at\/wordpress\/wp-content\/uploads\/2017\/07\/02\/2017-07-02_sicherheitstag-walding-6-600x400.jpg 600w, https:\/\/ff-muehldorf.at\/wordpress\/wp-content\/uploads\/2017\/07\/02\/2017-07-02_sicherheitstag-walding-6-272x182.jpg 272w, https:\/\/ff-muehldorf.at\/wordpress\/wp-content\/uploads\/2017\/07\/02\/2017-07-02_sicherheitstag-walding-6-480x320.jpg 480w, https:\/\/ff-muehldorf.at\/wordpress\/wp-content\/uploads\/2017\/07\/02\/2017-07-02_sicherheitstag-walding-6.jpg 1200w\" sizes=\"auto, (max-width: 240px) 100vw, 240px\" data-caption=\"\" class=\"light-dropshaddow\" itemprop=\"contentUrl\" alt=\"\"><meta itemprop=\"url\" content=\"https:\/\/ff-muehldorf.at\/wordpress\/wp-content\/uploads\/2017\/07\/02\/2017-07-02_sicherheitstag-walding-6-240x160.jpg\"><meta itemprop=\"width\" content=\"240px\"><meta itemprop=\"height\" content=\"160px\"><\/div><\/div><\/a><\/div><\/div><div class=\"tcol-lg-2 tcol-md-2 tcol-sm-3 tcol-xs-4 tcol-ss-6 g_item\"><div class=\"grid_item kt_item_fade_in kad_gallery_fade_in gallery_item\"><a href=\"https:\/\/ff-muehldorf.at\/wordpress\/wp-content\/uploads\/2017\/07\/02\/2017-07-02_sicherheitstag-walding-7.jpg\" data-rel=\"lightbox\" class=\"lightboxhover\"><div class=\"kt-intrinsic\" style=\"padding-bottom:66.666666666667%;\"><div itemprop=\"image\" itemscope itemtype=\"https:\/\/schema.org\/ImageObject\"><img loading=\"lazy\" decoding=\"async\" width=\"240\" height=\"160\" src=\"https:\/\/ff-muehldorf.at\/wordpress\/wp-content\/uploads\/2017\/07\/02\/2017-07-02_sicherheitstag-walding-7-240x160.jpg\" srcset=\"https:\/\/ff-muehldorf.at\/wordpress\/wp-content\/uploads\/2017\/07\/02\/2017-07-02_sicherheitstag-walding-7-240x160.jpg 240w, https:\/\/ff-muehldorf.at\/wordpress\/wp-content\/uploads\/2017\/07\/02\/2017-07-02_sicherheitstag-walding-7-300x200.jpg 300w, https:\/\/ff-muehldorf.at\/wordpress\/wp-content\/uploads\/2017\/07\/02\/2017-07-02_sicherheitstag-walding-7-768x511.jpg 768w, https:\/\/ff-muehldorf.at\/wordpress\/wp-content\/uploads\/2017\/07\/02\/2017-07-02_sicherheitstag-walding-7-1024x682.jpg 1024w, https:\/\/ff-muehldorf.at\/wordpress\/wp-content\/uploads\/2017\/07\/02\/2017-07-02_sicherheitstag-walding-7-600x400.jpg 600w, https:\/\/ff-muehldorf.at\/wordpress\/wp-content\/uploads\/2017\/07\/02\/2017-07-02_sicherheitstag-walding-7-272x182.jpg 272w, https:\/\/ff-muehldorf.at\/wordpress\/wp-content\/uploads\/2017\/07\/02\/2017-07-02_sicherheitstag-walding-7-480x320.jpg 480w, https:\/\/ff-muehldorf.at\/wordpress\/wp-content\/uploads\/2017\/07\/02\/2017-07-02_sicherheitstag-walding-7.jpg 1200w\" sizes=\"auto, (max-width: 240px) 100vw, 240px\" data-caption=\"\" class=\"light-dropshaddow\" itemprop=\"contentUrl\" alt=\"\"><meta itemprop=\"url\" content=\"https:\/\/ff-muehldorf.at\/wordpress\/wp-content\/uploads\/2017\/07\/02\/2017-07-02_sicherheitstag-walding-7-240x160.jpg\"><meta itemprop=\"width\" content=\"240px\"><meta itemprop=\"height\" content=\"160px\"><\/div><\/div><\/a><\/div><\/div><\/div>\n<p><em>Quellverweis: FF-M\u00fchldorf<\/em><\/p>\n","protected":false},"excerpt":{"rendered":"<p>Am 2. Juli 2017 fand am Gel\u00e4nde des Gewerbeparks Walding ein Sicherheitstag der Einsatzkr\u00e4fte statt. Zahlreiche Feuerwehren des Bezirks und dar\u00fcber hinaus stellten der \u00d6ffentlichkeit die vorhandenen Sondereinsatzmittel und Spezialfahrzeuge vor. Neben der Feuerwehr war auch die Polizei, der Zivil- &hellip; <a class=\"kt-excerpt-readmore\" href=\"https:\/\/ff-muehldorf.at\/wordpress\/2017\/07\/02\/sicherheitstag-walding\/\" aria-label=\"FF-M\u00fchldorf beim Sicherheitstag in Walding\">weiter&#8230;<\/a><\/p>\n","protected":false},"author":7,"featured_media":3915,"comment_status":"closed","ping_status":"closed","sticky":false,"template":"","format":"standard","meta":{"footnotes":""},"categories":[2,14,4,66],"tags":[486,317,485,227,41,179,130,301,513],"class_list":["post-3896","post","type-post","status-publish","format-standard","has-post-thumbnail","hentry","category-aktivitaeten","category-technische-hilfe","category-uebungen","category-veranstaltungen","tag-asb-feldkirchen","tag-brandschutz","tag-einsatzuebung","tag-hebekissen","tag-hydraulisches-rettungsgeraet","tag-krf-b","tag-rotes-kreuz","tag-sandsackfuellmaschine","tag-sicherheitstag"],"_links":{"self":[{"href":"https:\/\/ff-muehldorf.at\/wordpress\/wp-json\/wp\/v2\/posts\/3896","targetHints":{"allow":["GET"]}}],"collection":[{"href":"https:\/\/ff-muehldorf.at\/wordpress\/wp-json\/wp\/v2\/posts"}],"about":[{"href":"https:\/\/ff-muehldorf.at\/wordpress\/wp-json\/wp\/v2\/types\/post"}],"author":[{"embeddable":true,"href":"https:\/\/ff-muehldorf.at\/wordpress\/wp-json\/wp\/v2\/users\/7"}],"replies":[{"embeddable":true,"href":"https:\/\/ff-muehldorf.at\/wordpress\/wp-json\/wp\/v2\/comments?post=3896"}],"version-history":[{"count":9,"href":"https:\/\/ff-muehldorf.at\/wordpress\/wp-json\/wp\/v2\/posts\/3896\/revisions"}],"predecessor-version":[{"id":3920,"href":"https:\/\/ff-muehldorf.at\/wordpress\/wp-json\/wp\/v2\/posts\/3896\/revisions\/3920"}],"wp:featuredmedia":[{"embeddable":true,"href":"https:\/\/ff-muehldorf.at\/wordpress\/wp-json\/wp\/v2\/media\/3915"}],"wp:attachment":[{"href":"https:\/\/ff-muehldorf.at\/wordpress\/wp-json\/wp\/v2\/media?parent=3896"}],"wp:term":[{"taxonomy":"category","embeddable":true,"href":"https:\/\/ff-muehldorf.at\/wordpress\/wp-json\/wp\/v2\/categories?post=3896"},{"taxonomy":"post_tag","embeddable":true,"href":"https:\/\/ff-muehldorf.at\/wordpress\/wp-json\/wp\/v2\/tags?post=3896"}],"curies":[{"name":"wp","href":"https:\/\/api.w.org\/{rel}","templated":true}]}}