{"id":4835,"date":"2018-06-27T16:05:54","date_gmt":"2018-06-27T14:05:54","guid":{"rendered":"http:\/\/ff-muehldorf.at\/wordpress\/?p=4835"},"modified":"2018-06-27T22:42:20","modified_gmt":"2018-06-27T20:42:20","slug":"verkehrsunfall-im-kreuzungsbereich-von-freudenstein","status":"publish","type":"post","link":"https:\/\/ff-muehldorf.at\/wordpress\/2018\/06\/27\/verkehrsunfall-im-kreuzungsbereich-von-freudenstein\/","title":{"rendered":"Verkehrsunfall im Kreuzungsbereich von Freudenstein"},"content":{"rendered":"<p>Am fr\u00fchen Abend des 27. Juni 2018 wurde unsere Feuerwehr zu einem Verkehrsunfall auf der B131 im Kreuzungsbereich von Freudenstein gerufen. Ein Kleintransporter war auf einen zweiten PKW aufgefahren, wodurch auch eine Person verletzt wurde. Nach dem Absichern der Unfallstelle konnte der Verkehr von der Feuerwehr \u00f6rtlich umgeleitet werden. Anschlie\u00dfend erfolgte die Sicherung der Fahrzeuge. Ausgelaufenes \u00d6l wurde aufgefangen und die \u00d6lspur mit Bindemittel gebunden. Die verletze Person wurde vom Arbeiter Samariterbund Feldkirchen \u00fcbernommen und daraufhin in ein Krankenhaus nach Linz abtransportiert. Die Unfallfahrzeuge konnten anschlie\u00dfend von der Aschacher Bundesstra\u00dfe entfernt und auf einen angrenzenden Parkplatz abgestellt werden. Nach dem Reinigen der Fahrbahn und dem Aufstellen von \u00d6lspur Warntafeln wurde die Stra\u00dfe von der Polizei wieder f\u00fcr den Verkehr freigegeben. Um ca. 17:15 Uhr konnte der Einsatz der Feuerwehr somit beendet werden.<\/p>\n<p><em>Es standen 16 Einsatzkr\u00e4fte mit 3 Fahrzeugen im Einsatz.<\/em><\/p>\n<p>&nbsp;<\/p>\n<p><strong>Fotos:<\/strong><\/p>\n<div id=\"kad-wp-gallery590\" class=\"kad-wp-gallery gallery kt-gallery-column-6 init-isotope-intrinsic reinit-isotope kad-light-wp-gallery clearfix rowtight\" data-fade-in=\"1\" data-iso-selector=\".g_item\" data-iso-style=\"masonry\" data-iso-filter=\"false\"><div class=\"tcol-lg-2 tcol-md-2 tcol-sm-3 tcol-xs-4 tcol-ss-6 g_item\"><div class=\"grid_item kt_item_fade_in kad_gallery_fade_in gallery_item\"><a href=\"https:\/\/ff-muehldorf.at\/wordpress\/wp-content\/uploads\/2018\/06\/27\/2018-06-27_verkehrsunfall-im-kreuzungsbereich-von-freudenstein-3.jpg\" data-rel=\"lightbox\" class=\"lightboxhover\"><div class=\"kt-intrinsic\" style=\"padding-bottom:150.41666666667%;\"><div itemprop=\"image\" itemscope itemtype=\"https:\/\/schema.org\/ImageObject\"><img loading=\"lazy\" decoding=\"async\" width=\"240\" height=\"361\" src=\"https:\/\/ff-muehldorf.at\/wordpress\/wp-content\/uploads\/2018\/06\/27\/2018-06-27_verkehrsunfall-im-kreuzungsbereich-von-freudenstein-3-240x361.jpg\" srcset=\"https:\/\/ff-muehldorf.at\/wordpress\/wp-content\/uploads\/2018\/06\/27\/2018-06-27_verkehrsunfall-im-kreuzungsbereich-von-freudenstein-3-240x361.jpg 240w, https:\/\/ff-muehldorf.at\/wordpress\/wp-content\/uploads\/2018\/06\/27\/2018-06-27_verkehrsunfall-im-kreuzungsbereich-von-freudenstein-3-200x300.jpg 200w, https:\/\/ff-muehldorf.at\/wordpress\/wp-content\/uploads\/2018\/06\/27\/2018-06-27_verkehrsunfall-im-kreuzungsbereich-von-freudenstein-3-768x1155.jpg 768w, https:\/\/ff-muehldorf.at\/wordpress\/wp-content\/uploads\/2018\/06\/27\/2018-06-27_verkehrsunfall-im-kreuzungsbereich-von-freudenstein-3-681x1024.jpg 681w, https:\/\/ff-muehldorf.at\/wordpress\/wp-content\/uploads\/2018\/06\/27\/2018-06-27_verkehrsunfall-im-kreuzungsbereich-von-freudenstein-3-600x902.jpg 600w, https:\/\/ff-muehldorf.at\/wordpress\/wp-content\/uploads\/2018\/06\/27\/2018-06-27_verkehrsunfall-im-kreuzungsbereich-von-freudenstein-3-480x722.jpg 480w, https:\/\/ff-muehldorf.at\/wordpress\/wp-content\/uploads\/2018\/06\/27\/2018-06-27_verkehrsunfall-im-kreuzungsbereich-von-freudenstein-3.jpg 798w\" sizes=\"auto, (max-width: 240px) 100vw, 240px\" data-caption=\"\" class=\"light-dropshaddow\" itemprop=\"contentUrl\" alt=\"\"><meta itemprop=\"url\" content=\"https:\/\/ff-muehldorf.at\/wordpress\/wp-content\/uploads\/2018\/06\/27\/2018-06-27_verkehrsunfall-im-kreuzungsbereich-von-freudenstein-3-240x361.jpg\"><meta itemprop=\"width\" content=\"240px\"><meta itemprop=\"height\" content=\"361px\"><\/div><\/div><\/a><\/div><\/div><div class=\"tcol-lg-2 tcol-md-2 tcol-sm-3 tcol-xs-4 tcol-ss-6 g_item\"><div class=\"grid_item kt_item_fade_in kad_gallery_fade_in gallery_item\"><a href=\"https:\/\/ff-muehldorf.at\/wordpress\/wp-content\/uploads\/2018\/06\/27\/2018-06-27_verkehrsunfall-im-kreuzungsbereich-von-freudenstein-1.jpg\" data-rel=\"lightbox\" class=\"lightboxhover\"><div class=\"kt-intrinsic\" style=\"padding-bottom:66.666666666667%;\"><div itemprop=\"image\" itemscope itemtype=\"https:\/\/schema.org\/ImageObject\"><img loading=\"lazy\" decoding=\"async\" width=\"240\" height=\"160\" src=\"https:\/\/ff-muehldorf.at\/wordpress\/wp-content\/uploads\/2018\/06\/27\/2018-06-27_verkehrsunfall-im-kreuzungsbereich-von-freudenstein-1-240x160.jpg\" srcset=\"https:\/\/ff-muehldorf.at\/wordpress\/wp-content\/uploads\/2018\/06\/27\/2018-06-27_verkehrsunfall-im-kreuzungsbereich-von-freudenstein-1-240x160.jpg 240w, https:\/\/ff-muehldorf.at\/wordpress\/wp-content\/uploads\/2018\/06\/27\/2018-06-27_verkehrsunfall-im-kreuzungsbereich-von-freudenstein-1-300x200.jpg 300w, https:\/\/ff-muehldorf.at\/wordpress\/wp-content\/uploads\/2018\/06\/27\/2018-06-27_verkehrsunfall-im-kreuzungsbereich-von-freudenstein-1-768x511.jpg 768w, https:\/\/ff-muehldorf.at\/wordpress\/wp-content\/uploads\/2018\/06\/27\/2018-06-27_verkehrsunfall-im-kreuzungsbereich-von-freudenstein-1-1024x681.jpg 1024w, https:\/\/ff-muehldorf.at\/wordpress\/wp-content\/uploads\/2018\/06\/27\/2018-06-27_verkehrsunfall-im-kreuzungsbereich-von-freudenstein-1-600x399.jpg 600w, https:\/\/ff-muehldorf.at\/wordpress\/wp-content\/uploads\/2018\/06\/27\/2018-06-27_verkehrsunfall-im-kreuzungsbereich-von-freudenstein-1-272x182.jpg 272w, https:\/\/ff-muehldorf.at\/wordpress\/wp-content\/uploads\/2018\/06\/27\/2018-06-27_verkehrsunfall-im-kreuzungsbereich-von-freudenstein-1-480x320.jpg 480w, https:\/\/ff-muehldorf.at\/wordpress\/wp-content\/uploads\/2018\/06\/27\/2018-06-27_verkehrsunfall-im-kreuzungsbereich-von-freudenstein-1.jpg 1200w\" sizes=\"auto, (max-width: 240px) 100vw, 240px\" data-caption=\"\" class=\"light-dropshaddow\" itemprop=\"contentUrl\" alt=\"\"><meta itemprop=\"url\" content=\"https:\/\/ff-muehldorf.at\/wordpress\/wp-content\/uploads\/2018\/06\/27\/2018-06-27_verkehrsunfall-im-kreuzungsbereich-von-freudenstein-1-240x160.jpg\"><meta itemprop=\"width\" content=\"240px\"><meta itemprop=\"height\" content=\"160px\"><\/div><\/div><\/a><\/div><\/div><div class=\"tcol-lg-2 tcol-md-2 tcol-sm-3 tcol-xs-4 tcol-ss-6 g_item\"><div class=\"grid_item kt_item_fade_in kad_gallery_fade_in gallery_item\"><a href=\"https:\/\/ff-muehldorf.at\/wordpress\/wp-content\/uploads\/2018\/06\/27\/2018-06-27_verkehrsunfall-im-kreuzungsbereich-von-freudenstein-2.jpg\" data-rel=\"lightbox\" class=\"lightboxhover\"><div class=\"kt-intrinsic\" style=\"padding-bottom:150.41666666667%;\"><div itemprop=\"image\" itemscope itemtype=\"https:\/\/schema.org\/ImageObject\"><img loading=\"lazy\" decoding=\"async\" width=\"240\" height=\"361\" src=\"https:\/\/ff-muehldorf.at\/wordpress\/wp-content\/uploads\/2018\/06\/27\/2018-06-27_verkehrsunfall-im-kreuzungsbereich-von-freudenstein-2-240x361.jpg\" srcset=\"https:\/\/ff-muehldorf.at\/wordpress\/wp-content\/uploads\/2018\/06\/27\/2018-06-27_verkehrsunfall-im-kreuzungsbereich-von-freudenstein-2-240x361.jpg 240w, https:\/\/ff-muehldorf.at\/wordpress\/wp-content\/uploads\/2018\/06\/27\/2018-06-27_verkehrsunfall-im-kreuzungsbereich-von-freudenstein-2-200x300.jpg 200w, https:\/\/ff-muehldorf.at\/wordpress\/wp-content\/uploads\/2018\/06\/27\/2018-06-27_verkehrsunfall-im-kreuzungsbereich-von-freudenstein-2-768x1155.jpg 768w, https:\/\/ff-muehldorf.at\/wordpress\/wp-content\/uploads\/2018\/06\/27\/2018-06-27_verkehrsunfall-im-kreuzungsbereich-von-freudenstein-2-681x1024.jpg 681w, https:\/\/ff-muehldorf.at\/wordpress\/wp-content\/uploads\/2018\/06\/27\/2018-06-27_verkehrsunfall-im-kreuzungsbereich-von-freudenstein-2-600x902.jpg 600w, https:\/\/ff-muehldorf.at\/wordpress\/wp-content\/uploads\/2018\/06\/27\/2018-06-27_verkehrsunfall-im-kreuzungsbereich-von-freudenstein-2-480x722.jpg 480w, https:\/\/ff-muehldorf.at\/wordpress\/wp-content\/uploads\/2018\/06\/27\/2018-06-27_verkehrsunfall-im-kreuzungsbereich-von-freudenstein-2.jpg 798w\" sizes=\"auto, (max-width: 240px) 100vw, 240px\" data-caption=\"\" class=\"light-dropshaddow\" itemprop=\"contentUrl\" alt=\"\"><meta itemprop=\"url\" content=\"https:\/\/ff-muehldorf.at\/wordpress\/wp-content\/uploads\/2018\/06\/27\/2018-06-27_verkehrsunfall-im-kreuzungsbereich-von-freudenstein-2-240x361.jpg\"><meta itemprop=\"width\" content=\"240px\"><meta itemprop=\"height\" content=\"361px\"><\/div><\/div><\/a><\/div><\/div><div class=\"tcol-lg-2 tcol-md-2 tcol-sm-3 tcol-xs-4 tcol-ss-6 g_item\"><div class=\"grid_item kt_item_fade_in kad_gallery_fade_in gallery_item\"><a href=\"https:\/\/ff-muehldorf.at\/wordpress\/wp-content\/uploads\/2018\/06\/27\/2018-06-27_verkehrsunfall-im-kreuzungsbereich-von-freudenstein.jpg\" data-rel=\"lightbox\" class=\"lightboxhover\"><div class=\"kt-intrinsic\" style=\"padding-bottom:66.666666666667%;\"><div itemprop=\"image\" itemscope itemtype=\"https:\/\/schema.org\/ImageObject\"><img loading=\"lazy\" decoding=\"async\" width=\"240\" height=\"160\" src=\"https:\/\/ff-muehldorf.at\/wordpress\/wp-content\/uploads\/2018\/06\/27\/2018-06-27_verkehrsunfall-im-kreuzungsbereich-von-freudenstein-240x160.jpg\" srcset=\"https:\/\/ff-muehldorf.at\/wordpress\/wp-content\/uploads\/2018\/06\/27\/2018-06-27_verkehrsunfall-im-kreuzungsbereich-von-freudenstein-240x160.jpg 240w, https:\/\/ff-muehldorf.at\/wordpress\/wp-content\/uploads\/2018\/06\/27\/2018-06-27_verkehrsunfall-im-kreuzungsbereich-von-freudenstein-300x200.jpg 300w, https:\/\/ff-muehldorf.at\/wordpress\/wp-content\/uploads\/2018\/06\/27\/2018-06-27_verkehrsunfall-im-kreuzungsbereich-von-freudenstein-768x511.jpg 768w, https:\/\/ff-muehldorf.at\/wordpress\/wp-content\/uploads\/2018\/06\/27\/2018-06-27_verkehrsunfall-im-kreuzungsbereich-von-freudenstein-1024x681.jpg 1024w, https:\/\/ff-muehldorf.at\/wordpress\/wp-content\/uploads\/2018\/06\/27\/2018-06-27_verkehrsunfall-im-kreuzungsbereich-von-freudenstein-600x399.jpg 600w, https:\/\/ff-muehldorf.at\/wordpress\/wp-content\/uploads\/2018\/06\/27\/2018-06-27_verkehrsunfall-im-kreuzungsbereich-von-freudenstein-272x182.jpg 272w, https:\/\/ff-muehldorf.at\/wordpress\/wp-content\/uploads\/2018\/06\/27\/2018-06-27_verkehrsunfall-im-kreuzungsbereich-von-freudenstein-480x320.jpg 480w, https:\/\/ff-muehldorf.at\/wordpress\/wp-content\/uploads\/2018\/06\/27\/2018-06-27_verkehrsunfall-im-kreuzungsbereich-von-freudenstein.jpg 1200w\" sizes=\"auto, (max-width: 240px) 100vw, 240px\" data-caption=\"\" class=\"light-dropshaddow\" itemprop=\"contentUrl\" alt=\"\"><meta itemprop=\"url\" content=\"https:\/\/ff-muehldorf.at\/wordpress\/wp-content\/uploads\/2018\/06\/27\/2018-06-27_verkehrsunfall-im-kreuzungsbereich-von-freudenstein-240x160.jpg\"><meta itemprop=\"width\" content=\"240px\"><meta itemprop=\"height\" content=\"160px\"><\/div><\/div><\/a><\/div><\/div><div class=\"tcol-lg-2 tcol-md-2 tcol-sm-3 tcol-xs-4 tcol-ss-6 g_item\"><div class=\"grid_item kt_item_fade_in kad_gallery_fade_in gallery_item\"><a href=\"https:\/\/ff-muehldorf.at\/wordpress\/wp-content\/uploads\/2018\/06\/27\/2018-06-27_verkehrsunfall-im-kreuzungsbereich-von-freudenstein-4.jpg\" data-rel=\"lightbox\" class=\"lightboxhover\"><div class=\"kt-intrinsic\" style=\"padding-bottom:150.41666666667%;\"><div itemprop=\"image\" itemscope itemtype=\"https:\/\/schema.org\/ImageObject\"><img loading=\"lazy\" decoding=\"async\" width=\"240\" height=\"361\" src=\"https:\/\/ff-muehldorf.at\/wordpress\/wp-content\/uploads\/2018\/06\/27\/2018-06-27_verkehrsunfall-im-kreuzungsbereich-von-freudenstein-4-240x361.jpg\" srcset=\"https:\/\/ff-muehldorf.at\/wordpress\/wp-content\/uploads\/2018\/06\/27\/2018-06-27_verkehrsunfall-im-kreuzungsbereich-von-freudenstein-4-240x361.jpg 240w, https:\/\/ff-muehldorf.at\/wordpress\/wp-content\/uploads\/2018\/06\/27\/2018-06-27_verkehrsunfall-im-kreuzungsbereich-von-freudenstein-4-200x300.jpg 200w, https:\/\/ff-muehldorf.at\/wordpress\/wp-content\/uploads\/2018\/06\/27\/2018-06-27_verkehrsunfall-im-kreuzungsbereich-von-freudenstein-4-768x1155.jpg 768w, https:\/\/ff-muehldorf.at\/wordpress\/wp-content\/uploads\/2018\/06\/27\/2018-06-27_verkehrsunfall-im-kreuzungsbereich-von-freudenstein-4-681x1024.jpg 681w, https:\/\/ff-muehldorf.at\/wordpress\/wp-content\/uploads\/2018\/06\/27\/2018-06-27_verkehrsunfall-im-kreuzungsbereich-von-freudenstein-4-600x902.jpg 600w, https:\/\/ff-muehldorf.at\/wordpress\/wp-content\/uploads\/2018\/06\/27\/2018-06-27_verkehrsunfall-im-kreuzungsbereich-von-freudenstein-4-480x722.jpg 480w, https:\/\/ff-muehldorf.at\/wordpress\/wp-content\/uploads\/2018\/06\/27\/2018-06-27_verkehrsunfall-im-kreuzungsbereich-von-freudenstein-4.jpg 798w\" sizes=\"auto, (max-width: 240px) 100vw, 240px\" data-caption=\"\" class=\"light-dropshaddow\" itemprop=\"contentUrl\" alt=\"\"><meta itemprop=\"url\" content=\"https:\/\/ff-muehldorf.at\/wordpress\/wp-content\/uploads\/2018\/06\/27\/2018-06-27_verkehrsunfall-im-kreuzungsbereich-von-freudenstein-4-240x361.jpg\"><meta itemprop=\"width\" content=\"240px\"><meta itemprop=\"height\" content=\"361px\"><\/div><\/div><\/a><\/div><\/div><div class=\"tcol-lg-2 tcol-md-2 tcol-sm-3 tcol-xs-4 tcol-ss-6 g_item\"><div class=\"grid_item kt_item_fade_in kad_gallery_fade_in gallery_item\"><a href=\"https:\/\/ff-muehldorf.at\/wordpress\/wp-content\/uploads\/2018\/06\/27\/2018-06-27_verkehrsunfall-im-kreuzungsbereich-von-freudenstein-5.jpg\" data-rel=\"lightbox\" class=\"lightboxhover\"><div class=\"kt-intrinsic\" style=\"padding-bottom:150.41666666667%;\"><div itemprop=\"image\" itemscope itemtype=\"https:\/\/schema.org\/ImageObject\"><img loading=\"lazy\" decoding=\"async\" width=\"240\" height=\"361\" src=\"https:\/\/ff-muehldorf.at\/wordpress\/wp-content\/uploads\/2018\/06\/27\/2018-06-27_verkehrsunfall-im-kreuzungsbereich-von-freudenstein-5-240x361.jpg\" srcset=\"https:\/\/ff-muehldorf.at\/wordpress\/wp-content\/uploads\/2018\/06\/27\/2018-06-27_verkehrsunfall-im-kreuzungsbereich-von-freudenstein-5-240x361.jpg 240w, https:\/\/ff-muehldorf.at\/wordpress\/wp-content\/uploads\/2018\/06\/27\/2018-06-27_verkehrsunfall-im-kreuzungsbereich-von-freudenstein-5-200x300.jpg 200w, https:\/\/ff-muehldorf.at\/wordpress\/wp-content\/uploads\/2018\/06\/27\/2018-06-27_verkehrsunfall-im-kreuzungsbereich-von-freudenstein-5-768x1155.jpg 768w, https:\/\/ff-muehldorf.at\/wordpress\/wp-content\/uploads\/2018\/06\/27\/2018-06-27_verkehrsunfall-im-kreuzungsbereich-von-freudenstein-5-681x1024.jpg 681w, https:\/\/ff-muehldorf.at\/wordpress\/wp-content\/uploads\/2018\/06\/27\/2018-06-27_verkehrsunfall-im-kreuzungsbereich-von-freudenstein-5-600x902.jpg 600w, https:\/\/ff-muehldorf.at\/wordpress\/wp-content\/uploads\/2018\/06\/27\/2018-06-27_verkehrsunfall-im-kreuzungsbereich-von-freudenstein-5-480x722.jpg 480w, https:\/\/ff-muehldorf.at\/wordpress\/wp-content\/uploads\/2018\/06\/27\/2018-06-27_verkehrsunfall-im-kreuzungsbereich-von-freudenstein-5.jpg 798w\" sizes=\"auto, (max-width: 240px) 100vw, 240px\" data-caption=\"\" class=\"light-dropshaddow\" itemprop=\"contentUrl\" alt=\"\"><meta itemprop=\"url\" content=\"https:\/\/ff-muehldorf.at\/wordpress\/wp-content\/uploads\/2018\/06\/27\/2018-06-27_verkehrsunfall-im-kreuzungsbereich-von-freudenstein-5-240x361.jpg\"><meta itemprop=\"width\" content=\"240px\"><meta itemprop=\"height\" content=\"361px\"><\/div><\/div><\/a><\/div><\/div><div class=\"tcol-lg-2 tcol-md-2 tcol-sm-3 tcol-xs-4 tcol-ss-6 g_item\"><div class=\"grid_item kt_item_fade_in kad_gallery_fade_in gallery_item\"><a href=\"https:\/\/ff-muehldorf.at\/wordpress\/wp-content\/uploads\/2018\/06\/27\/2018-06-27_verkehrsunfall-im-kreuzungsbereich-von-freudenstein-6.jpg\" data-rel=\"lightbox\" class=\"lightboxhover\"><div class=\"kt-intrinsic\" style=\"padding-bottom:66.666666666667%;\"><div itemprop=\"image\" itemscope itemtype=\"https:\/\/schema.org\/ImageObject\"><img loading=\"lazy\" decoding=\"async\" width=\"240\" height=\"160\" src=\"https:\/\/ff-muehldorf.at\/wordpress\/wp-content\/uploads\/2018\/06\/27\/2018-06-27_verkehrsunfall-im-kreuzungsbereich-von-freudenstein-6-240x160.jpg\" srcset=\"https:\/\/ff-muehldorf.at\/wordpress\/wp-content\/uploads\/2018\/06\/27\/2018-06-27_verkehrsunfall-im-kreuzungsbereich-von-freudenstein-6-240x160.jpg 240w, https:\/\/ff-muehldorf.at\/wordpress\/wp-content\/uploads\/2018\/06\/27\/2018-06-27_verkehrsunfall-im-kreuzungsbereich-von-freudenstein-6-300x200.jpg 300w, https:\/\/ff-muehldorf.at\/wordpress\/wp-content\/uploads\/2018\/06\/27\/2018-06-27_verkehrsunfall-im-kreuzungsbereich-von-freudenstein-6-768x511.jpg 768w, https:\/\/ff-muehldorf.at\/wordpress\/wp-content\/uploads\/2018\/06\/27\/2018-06-27_verkehrsunfall-im-kreuzungsbereich-von-freudenstein-6-1024x681.jpg 1024w, https:\/\/ff-muehldorf.at\/wordpress\/wp-content\/uploads\/2018\/06\/27\/2018-06-27_verkehrsunfall-im-kreuzungsbereich-von-freudenstein-6-600x399.jpg 600w, https:\/\/ff-muehldorf.at\/wordpress\/wp-content\/uploads\/2018\/06\/27\/2018-06-27_verkehrsunfall-im-kreuzungsbereich-von-freudenstein-6-272x182.jpg 272w, https:\/\/ff-muehldorf.at\/wordpress\/wp-content\/uploads\/2018\/06\/27\/2018-06-27_verkehrsunfall-im-kreuzungsbereich-von-freudenstein-6-480x320.jpg 480w, https:\/\/ff-muehldorf.at\/wordpress\/wp-content\/uploads\/2018\/06\/27\/2018-06-27_verkehrsunfall-im-kreuzungsbereich-von-freudenstein-6.jpg 1200w\" sizes=\"auto, (max-width: 240px) 100vw, 240px\" data-caption=\"\" class=\"light-dropshaddow\" itemprop=\"contentUrl\" alt=\"\"><meta itemprop=\"url\" content=\"https:\/\/ff-muehldorf.at\/wordpress\/wp-content\/uploads\/2018\/06\/27\/2018-06-27_verkehrsunfall-im-kreuzungsbereich-von-freudenstein-6-240x160.jpg\"><meta itemprop=\"width\" content=\"240px\"><meta itemprop=\"height\" content=\"160px\"><\/div><\/div><\/a><\/div><\/div><div class=\"tcol-lg-2 tcol-md-2 tcol-sm-3 tcol-xs-4 tcol-ss-6 g_item\"><div class=\"grid_item kt_item_fade_in kad_gallery_fade_in gallery_item\"><a href=\"https:\/\/ff-muehldorf.at\/wordpress\/wp-content\/uploads\/2018\/06\/27\/2018-06-27_verkehrsunfall-im-kreuzungsbereich-von-freudenstein-7.jpg\" data-rel=\"lightbox\" class=\"lightboxhover\"><div class=\"kt-intrinsic\" style=\"padding-bottom:150.41666666667%;\"><div itemprop=\"image\" itemscope itemtype=\"https:\/\/schema.org\/ImageObject\"><img loading=\"lazy\" decoding=\"async\" width=\"240\" height=\"361\" src=\"https:\/\/ff-muehldorf.at\/wordpress\/wp-content\/uploads\/2018\/06\/27\/2018-06-27_verkehrsunfall-im-kreuzungsbereich-von-freudenstein-7-240x361.jpg\" srcset=\"https:\/\/ff-muehldorf.at\/wordpress\/wp-content\/uploads\/2018\/06\/27\/2018-06-27_verkehrsunfall-im-kreuzungsbereich-von-freudenstein-7-240x361.jpg 240w, https:\/\/ff-muehldorf.at\/wordpress\/wp-content\/uploads\/2018\/06\/27\/2018-06-27_verkehrsunfall-im-kreuzungsbereich-von-freudenstein-7-200x300.jpg 200w, https:\/\/ff-muehldorf.at\/wordpress\/wp-content\/uploads\/2018\/06\/27\/2018-06-27_verkehrsunfall-im-kreuzungsbereich-von-freudenstein-7-768x1155.jpg 768w, https:\/\/ff-muehldorf.at\/wordpress\/wp-content\/uploads\/2018\/06\/27\/2018-06-27_verkehrsunfall-im-kreuzungsbereich-von-freudenstein-7-681x1024.jpg 681w, https:\/\/ff-muehldorf.at\/wordpress\/wp-content\/uploads\/2018\/06\/27\/2018-06-27_verkehrsunfall-im-kreuzungsbereich-von-freudenstein-7-600x902.jpg 600w, https:\/\/ff-muehldorf.at\/wordpress\/wp-content\/uploads\/2018\/06\/27\/2018-06-27_verkehrsunfall-im-kreuzungsbereich-von-freudenstein-7-480x722.jpg 480w, https:\/\/ff-muehldorf.at\/wordpress\/wp-content\/uploads\/2018\/06\/27\/2018-06-27_verkehrsunfall-im-kreuzungsbereich-von-freudenstein-7.jpg 798w\" sizes=\"auto, (max-width: 240px) 100vw, 240px\" data-caption=\"\" class=\"light-dropshaddow\" itemprop=\"contentUrl\" alt=\"\"><meta itemprop=\"url\" content=\"https:\/\/ff-muehldorf.at\/wordpress\/wp-content\/uploads\/2018\/06\/27\/2018-06-27_verkehrsunfall-im-kreuzungsbereich-von-freudenstein-7-240x361.jpg\"><meta itemprop=\"width\" content=\"240px\"><meta itemprop=\"height\" content=\"361px\"><\/div><\/div><\/a><\/div><\/div><div class=\"tcol-lg-2 tcol-md-2 tcol-sm-3 tcol-xs-4 tcol-ss-6 g_item\"><div class=\"grid_item kt_item_fade_in kad_gallery_fade_in gallery_item\"><a href=\"https:\/\/ff-muehldorf.at\/wordpress\/wp-content\/uploads\/2018\/06\/27\/2018-06-27_verkehrsunfall-im-kreuzungsbereich-von-freudenstein-8.jpg\" data-rel=\"lightbox\" class=\"lightboxhover\"><div class=\"kt-intrinsic\" style=\"padding-bottom:66.666666666667%;\"><div itemprop=\"image\" itemscope itemtype=\"https:\/\/schema.org\/ImageObject\"><img loading=\"lazy\" decoding=\"async\" width=\"240\" height=\"160\" src=\"https:\/\/ff-muehldorf.at\/wordpress\/wp-content\/uploads\/2018\/06\/27\/2018-06-27_verkehrsunfall-im-kreuzungsbereich-von-freudenstein-8-240x160.jpg\" srcset=\"https:\/\/ff-muehldorf.at\/wordpress\/wp-content\/uploads\/2018\/06\/27\/2018-06-27_verkehrsunfall-im-kreuzungsbereich-von-freudenstein-8-240x160.jpg 240w, https:\/\/ff-muehldorf.at\/wordpress\/wp-content\/uploads\/2018\/06\/27\/2018-06-27_verkehrsunfall-im-kreuzungsbereich-von-freudenstein-8-300x200.jpg 300w, https:\/\/ff-muehldorf.at\/wordpress\/wp-content\/uploads\/2018\/06\/27\/2018-06-27_verkehrsunfall-im-kreuzungsbereich-von-freudenstein-8-768x511.jpg 768w, https:\/\/ff-muehldorf.at\/wordpress\/wp-content\/uploads\/2018\/06\/27\/2018-06-27_verkehrsunfall-im-kreuzungsbereich-von-freudenstein-8-1024x681.jpg 1024w, https:\/\/ff-muehldorf.at\/wordpress\/wp-content\/uploads\/2018\/06\/27\/2018-06-27_verkehrsunfall-im-kreuzungsbereich-von-freudenstein-8-600x399.jpg 600w, https:\/\/ff-muehldorf.at\/wordpress\/wp-content\/uploads\/2018\/06\/27\/2018-06-27_verkehrsunfall-im-kreuzungsbereich-von-freudenstein-8-272x182.jpg 272w, https:\/\/ff-muehldorf.at\/wordpress\/wp-content\/uploads\/2018\/06\/27\/2018-06-27_verkehrsunfall-im-kreuzungsbereich-von-freudenstein-8-480x320.jpg 480w, https:\/\/ff-muehldorf.at\/wordpress\/wp-content\/uploads\/2018\/06\/27\/2018-06-27_verkehrsunfall-im-kreuzungsbereich-von-freudenstein-8.jpg 1200w\" sizes=\"auto, (max-width: 240px) 100vw, 240px\" data-caption=\"\" class=\"light-dropshaddow\" itemprop=\"contentUrl\" alt=\"\"><meta itemprop=\"url\" content=\"https:\/\/ff-muehldorf.at\/wordpress\/wp-content\/uploads\/2018\/06\/27\/2018-06-27_verkehrsunfall-im-kreuzungsbereich-von-freudenstein-8-240x160.jpg\"><meta itemprop=\"width\" content=\"240px\"><meta itemprop=\"height\" content=\"160px\"><\/div><\/div><\/a><\/div><\/div><\/div>\n<p><em>Quellverweis: FF-M\u00fchldorf<\/em><\/p>\n","protected":false},"excerpt":{"rendered":"<p>Am fr\u00fchen Abend des 27. Juni 2018 wurde unsere Feuerwehr zu einem Verkehrsunfall auf der B131 im Kreuzungsbereich von Freudenstein gerufen. Ein Kleintransporter war auf einen zweiten PKW aufgefahren, wodurch auch eine Person verletzt wurde. Nach dem Absichern der Unfallstelle &hellip; <a class=\"kt-excerpt-readmore\" href=\"https:\/\/ff-muehldorf.at\/wordpress\/2018\/06\/27\/verkehrsunfall-im-kreuzungsbereich-von-freudenstein\/\" aria-label=\"Verkehrsunfall im Kreuzungsbereich von Freudenstein\">weiter&#8230;<\/a><\/p>\n","protected":false},"author":7,"featured_media":4843,"comment_status":"closed","ping_status":"closed","sticky":false,"template":"","format":"standard","meta":{"footnotes":""},"categories":[3,14,23],"tags":[486,518,155,156,444,130,517,159],"class_list":["post-4835","post","type-post","status-publish","format-standard","has-post-thumbnail","hentry","category-einsaetze","category-technische-hilfe","category-technischer-einsatz","tag-asb-feldkirchen","tag-aufraeumarbeiten","tag-b131","tag-freudenstein","tag-oelspur","tag-rotes-kreuz","tag-umleitung","tag-verkehrsunfall"],"_links":{"self":[{"href":"https:\/\/ff-muehldorf.at\/wordpress\/wp-json\/wp\/v2\/posts\/4835","targetHints":{"allow":["GET"]}}],"collection":[{"href":"https:\/\/ff-muehldorf.at\/wordpress\/wp-json\/wp\/v2\/posts"}],"about":[{"href":"https:\/\/ff-muehldorf.at\/wordpress\/wp-json\/wp\/v2\/types\/post"}],"author":[{"embeddable":true,"href":"https:\/\/ff-muehldorf.at\/wordpress\/wp-json\/wp\/v2\/users\/7"}],"replies":[{"embeddable":true,"href":"https:\/\/ff-muehldorf.at\/wordpress\/wp-json\/wp\/v2\/comments?post=4835"}],"version-history":[{"count":2,"href":"https:\/\/ff-muehldorf.at\/wordpress\/wp-json\/wp\/v2\/posts\/4835\/revisions"}],"predecessor-version":[{"id":4846,"href":"https:\/\/ff-muehldorf.at\/wordpress\/wp-json\/wp\/v2\/posts\/4835\/revisions\/4846"}],"wp:featuredmedia":[{"embeddable":true,"href":"https:\/\/ff-muehldorf.at\/wordpress\/wp-json\/wp\/v2\/media\/4843"}],"wp:attachment":[{"href":"https:\/\/ff-muehldorf.at\/wordpress\/wp-json\/wp\/v2\/media?parent=4835"}],"wp:term":[{"taxonomy":"category","embeddable":true,"href":"https:\/\/ff-muehldorf.at\/wordpress\/wp-json\/wp\/v2\/categories?post=4835"},{"taxonomy":"post_tag","embeddable":true,"href":"https:\/\/ff-muehldorf.at\/wordpress\/wp-json\/wp\/v2\/tags?post=4835"}],"curies":[{"name":"wp","href":"https:\/\/api.w.org\/{rel}","templated":true}]}}